{"id":3738,"date":"2026-09-03T04:35:27","date_gmt":"2026-09-03T04:35:27","guid":{"rendered":"https:\/\/www.dvcbm.hr\/?p=3738"},"modified":"2026-09-04T04:42:02","modified_gmt":"2026-09-04T04:42:02","slug":"javni-poziv-pripadnicima-ciljne-skupine-za-sudjelovanje-u-projektu-zrno-podrske-sf-3-4-11-05-0072-u-sklopu-poziva-sirenje-mreze-socijalnih-usluga-za-djecu","status":"publish","type":"post","link":"https:\/\/www.dvcbm.hr\/?p=3738","title":{"rendered":"Javni Poziv pripadnicima ciljne skupine za sudjelovanje u projektu &#8220;Zrno podr\u0161ke&#8221; SF.3.4.11.05.0072 u sklopu Poziva &#8220;\u0160irenje mre\u017ee socijalnih usluga za djecu&#8221;"},"content":{"rendered":"<p>Javni Poziv pripadnicima ciljne skupine za sudjelovanje u projektu &#8220;Zrno podr\u0161ke&#8221; SF.3.4.11.05.0072 u sklopu Poziva &#8220;\u0160irenje mre\u017ee socijalnih usluga za djecu&#8221; \/<a href=\"http:\/\/www.dvcbm.hr\/wp-content\/uploads\/2026\/09\/Javni-Poziv_Zrno-podrske.pdf\">pdf<\/a>\/<\/p>\n<p>Obrazac i privola djeca \/<a href=\"http:\/\/www.dvcbm.hr\/wp-content\/uploads\/2026\/09\/Obrazac-i-privola-djeca.pdf\">pdf<\/a>\/<\/p>\n<p>Obrazac i privola roditelji \/<a href=\"http:\/\/www.dvcbm.hr\/wp-content\/uploads\/2026\/09\/Obrazac-i-privola-roditelji.pdf\">pdf<\/a>\/<\/p>\n<blockquote class=\"wp-embedded-content\" data-secret=\"MXzmjvQjpM\"><p><a href=\"https:\/\/udrugazvono.hr\/javni-poziv-pripadnicima-ciljne-skupine-za-sudjelovanje-u-projektu-zrno-podrske-sf-3-4-11-05-0072-u-sklopu-poziva-sirenje-mreze-socijalnih-usluga-za-djecu\/\">Javni Poziv pripadnicima ciljne skupine za sudjelovanje u projektu &#8220;Zrno podr\u0161ke&#8221; SF.3.4.11.05.0072 u sklopu Poziva &#8220;\u0160irenje mre\u017ee socijalnih usluga za djecu&#8221;<\/a><\/p><\/blockquote>\n<p><iframe loading=\"lazy\" class=\"wp-embedded-content\" sandbox=\"allow-scripts\" security=\"restricted\" style=\"position: absolute; visibility: hidden;\" title=\"\u201cJavni Poziv pripadnicima ciljne skupine za sudjelovanje u projektu \u201cZrno podr\u0161ke\u201d SF.3.4.11.05.0072 u sklopu Poziva \u201c\u0160irenje mre\u017ee socijalnih usluga za djecu\u201d\u201d \u2014 IK Zvono\" src=\"https:\/\/udrugazvono.hr\/javni-poziv-pripadnicima-ciljne-skupine-za-sudjelovanje-u-projektu-zrno-podrske-sf-3-4-11-05-0072-u-sklopu-poziva-sirenje-mreze-socijalnih-usluga-za-djecu\/embed\/#?secret=2Kvylb4fQN#?secret=MXzmjvQjpM\" data-secret=\"MXzmjvQjpM\" width=\"600\" height=\"338\" frameborder=\"0\" marginwidth=\"0\" marginheight=\"0\" scrolling=\"no\"><\/iframe><\/p>\n","protected":false},"excerpt":{"rendered":"<p>Javni Poziv pripadnicima ciljne skupine za sudjelovanje u projektu &#8220;Zrno podr\u0161ke&#8221; SF.3.4.11.05.0072 u sklopu Poziva &#8220;\u0160irenje mre\u017ee socijalnih usluga za djecu&#8221; \/pdf\/ Obrazac i privola djeca \/pdf\/ Obrazac i privola roditelji \/pdf\/ Javni Poziv pripadnicima ciljne skupine za sudjelovanje u projektu &#8220;Zrno podr\u0161ke&#8221; SF.3.4.11.05.0072 u sklopu Poziva &#8220;\u0160irenje mre\u017ee socijalnih<span class=\"more-link\"><a href=\"https:\/\/www.dvcbm.hr\/?p=3738\">Vi\u0161e<\/a><\/span><\/p>\n","protected":false},"author":1,"featured_media":3742,"comment_status":"closed","ping_status":"open","sticky":false,"template":"","format":"standard","meta":{"footnotes":""},"categories":[2],"tags":[],"class_list":["entry","author-admin","post-3738","post","type-post","status-publish","format-standard","has-post-thumbnail","category-aktivnosti"],"yoast_head":"<!-- This site is optimized with the Yoast SEO plugin v28.4 - https:\/\/yoast.com\/product\/yoast-seo-wordpress\/ -->\n<title>Javni Poziv pripadnicima ciljne skupine za sudjelovanje u projektu &quot;Zrno podr\u0161ke&quot; SF.3.4.11.05.0072 u sklopu Poziva &quot;\u0160irenje mre\u017ee socijalnih usluga za djecu&quot; - Dje\u010dji vrti\u0107 Cvr\u010dak<\/title>\n<meta name=\"robots\" content=\"index, follow, max-snippet:-1, max-image-preview:large, max-video-preview:-1\" \/>\n<link rel=\"canonical\" href=\"https:\/\/www.dvcbm.hr\/?p=3738\" \/>\n<script type=\"application\/ld+json\" class=\"yoast-schema-graph\">{\"@context\":\"https:\\\/\\\/schema.org\",\"@graph\":[{\"@type\":\"Article\",\"@id\":\"https:\\\/\\\/www.dvcbm.hr\\\/?p=3738#article\",\"isPartOf\":{\"@id\":\"https:\\\/\\\/www.dvcbm.hr\\\/?p=3738\"},\"author\":{\"name\":\"admin\",\"@id\":\"https:\\\/\\\/www.dvcbm.hr\\\/#\\\/schema\\\/person\\\/8189a9eda7ba7054a70338e1a0f83d7d\"},\"headline\":\"Javni Poziv pripadnicima ciljne skupine za sudjelovanje u projektu &#8220;Zrno podr\u0161ke&#8221; SF.3.4.11.05.0072 u sklopu Poziva &#8220;\u0160irenje mre\u017ee socijalnih usluga za djecu&#8221;\",\"datePublished\":\"2026-09-03T04:35:27+00:00\",\"dateModified\":\"2026-09-04T04:42:02+00:00\",\"mainEntityOfPage\":{\"@id\":\"https:\\\/\\\/www.dvcbm.hr\\\/?p=3738\"},\"wordCount\":66,\"publisher\":{\"@id\":\"https:\\\/\\\/www.dvcbm.hr\\\/#organization\"},\"image\":{\"@id\":\"https:\\\/\\\/www.dvcbm.hr\\\/?p=3738#primaryimage\"},\"thumbnailUrl\":\"https:\\\/\\\/www.dvcbm.hr\\\/wp-content\\\/uploads\\\/2026\\\/09\\\/objava-thumbnail.png\",\"articleSection\":[\"Aktivnosti\"],\"inLanguage\":\"hr\"},{\"@type\":\"WebPage\",\"@id\":\"https:\\\/\\\/www.dvcbm.hr\\\/?p=3738\",\"url\":\"https:\\\/\\\/www.dvcbm.hr\\\/?p=3738\",\"name\":\"Javni Poziv pripadnicima ciljne skupine za sudjelovanje u projektu \\\"Zrno podr\u0161ke\\\" SF.3.4.11.05.0072 u sklopu Poziva \\\"\u0160irenje mre\u017ee socijalnih usluga za djecu\\\" - Dje\u010dji vrti\u0107 Cvr\u010dak\",\"isPartOf\":{\"@id\":\"https:\\\/\\\/www.dvcbm.hr\\\/#website\"},\"primaryImageOfPage\":{\"@id\":\"https:\\\/\\\/www.dvcbm.hr\\\/?p=3738#primaryimage\"},\"image\":{\"@id\":\"https:\\\/\\\/www.dvcbm.hr\\\/?p=3738#primaryimage\"},\"thumbnailUrl\":\"https:\\\/\\\/www.dvcbm.hr\\\/wp-content\\\/uploads\\\/2026\\\/09\\\/objava-thumbnail.png\",\"datePublished\":\"2026-09-03T04:35:27+00:00\",\"dateModified\":\"2026-09-04T04:42:02+00:00\",\"breadcrumb\":{\"@id\":\"https:\\\/\\\/www.dvcbm.hr\\\/?p=3738#breadcrumb\"},\"inLanguage\":\"hr\",\"potentialAction\":[{\"@type\":\"ReadAction\",\"target\":[\"https:\\\/\\\/www.dvcbm.hr\\\/?p=3738\"]}]},{\"@type\":\"ImageObject\",\"inLanguage\":\"hr\",\"@id\":\"https:\\\/\\\/www.dvcbm.hr\\\/?p=3738#primaryimage\",\"url\":\"https:\\\/\\\/www.dvcbm.hr\\\/wp-content\\\/uploads\\\/2026\\\/09\\\/objava-thumbnail.png\",\"contentUrl\":\"https:\\\/\\\/www.dvcbm.hr\\\/wp-content\\\/uploads\\\/2026\\\/09\\\/objava-thumbnail.png\",\"width\":1200,\"height\":630},{\"@type\":\"BreadcrumbList\",\"@id\":\"https:\\\/\\\/www.dvcbm.hr\\\/?p=3738#breadcrumb\",\"itemListElement\":[{\"@type\":\"ListItem\",\"position\":1,\"name\":\"Po\u010detna stranica\",\"item\":\"https:\\\/\\\/www.dvcbm.hr\\\/\"},{\"@type\":\"ListItem\",\"position\":2,\"name\":\"Javni Poziv pripadnicima ciljne skupine za sudjelovanje u projektu &#8220;Zrno podr\u0161ke&#8221; SF.3.4.11.05.0072 u sklopu Poziva &#8220;\u0160irenje mre\u017ee socijalnih usluga za djecu&#8221;\"}]},{\"@type\":\"WebSite\",\"@id\":\"https:\\\/\\\/www.dvcbm.hr\\\/#website\",\"url\":\"https:\\\/\\\/www.dvcbm.hr\\\/\",\"name\":\"Dje\u010dji vrti\u0107 Cvr\u010dak\",\"description\":\"Beli Manastir\",\"publisher\":{\"@id\":\"https:\\\/\\\/www.dvcbm.hr\\\/#organization\"},\"potentialAction\":[{\"@type\":\"SearchAction\",\"target\":{\"@type\":\"EntryPoint\",\"urlTemplate\":\"https:\\\/\\\/www.dvcbm.hr\\\/?s={search_term_string}\"},\"query-input\":{\"@type\":\"PropertyValueSpecification\",\"valueRequired\":true,\"valueName\":\"search_term_string\"}}],\"inLanguage\":\"hr\"},{\"@type\":\"Organization\",\"@id\":\"https:\\\/\\\/www.dvcbm.hr\\\/#organization\",\"name\":\"Dje\u010dji vrti\u0107 Cvr\u010dak\",\"url\":\"https:\\\/\\\/www.dvcbm.hr\\\/\",\"logo\":{\"@type\":\"ImageObject\",\"inLanguage\":\"hr\",\"@id\":\"https:\\\/\\\/www.dvcbm.hr\\\/#\\\/schema\\\/logo\\\/image\\\/\",\"url\":\"https:\\\/\\\/www.dvcbm.hr\\\/wp-content\\\/uploads\\\/2023\\\/02\\\/logowww-e1677439362399.jpg\",\"contentUrl\":\"https:\\\/\\\/www.dvcbm.hr\\\/wp-content\\\/uploads\\\/2023\\\/02\\\/logowww-e1677439362399.jpg\",\"width\":130,\"height\":116,\"caption\":\"Dje\u010dji vrti\u0107 Cvr\u010dak\"},\"image\":{\"@id\":\"https:\\\/\\\/www.dvcbm.hr\\\/#\\\/schema\\\/logo\\\/image\\\/\"}},{\"@type\":\"Person\",\"@id\":\"https:\\\/\\\/www.dvcbm.hr\\\/#\\\/schema\\\/person\\\/8189a9eda7ba7054a70338e1a0f83d7d\",\"name\":\"admin\",\"image\":{\"@type\":\"ImageObject\",\"inLanguage\":\"hr\",\"@id\":\"https:\\\/\\\/secure.gravatar.com\\\/avatar\\\/d9ff10c03b0c5f87c8058e6c4fc8ce451e5338093e19c5b1af4f59907d4e480b?s=96&d=mm&r=g\",\"url\":\"https:\\\/\\\/secure.gravatar.com\\\/avatar\\\/d9ff10c03b0c5f87c8058e6c4fc8ce451e5338093e19c5b1af4f59907d4e480b?s=96&d=mm&r=g\",\"contentUrl\":\"https:\\\/\\\/secure.gravatar.com\\\/avatar\\\/d9ff10c03b0c5f87c8058e6c4fc8ce451e5338093e19c5b1af4f59907d4e480b?s=96&d=mm&r=g\",\"caption\":\"admin\"},\"sameAs\":[\"http:\\\/\\\/www.dvcbm.hr\"],\"url\":\"https:\\\/\\\/www.dvcbm.hr\\\/?author=1\"}]}<\/script>\n<!-- \/ Yoast SEO plugin. -->","yoast_head_json":{"title":"Javni Poziv pripadnicima ciljne skupine za sudjelovanje u projektu \"Zrno podr\u0161ke\" SF.3.4.11.05.0072 u sklopu Poziva \"\u0160irenje mre\u017ee socijalnih usluga za djecu\" - Dje\u010dji vrti\u0107 Cvr\u010dak","robots":{"index":"index","follow":"follow","max-snippet":"max-snippet:-1","max-image-preview":"max-image-preview:large","max-video-preview":"max-video-preview:-1"},"canonical":"https:\/\/www.dvcbm.hr\/?p=3738","schema":{"@context":"https:\/\/schema.org","@graph":[{"@type":"Article","@id":"https:\/\/www.dvcbm.hr\/?p=3738#article","isPartOf":{"@id":"https:\/\/www.dvcbm.hr\/?p=3738"},"author":{"name":"admin","@id":"https:\/\/www.dvcbm.hr\/#\/schema\/person\/8189a9eda7ba7054a70338e1a0f83d7d"},"headline":"Javni Poziv pripadnicima ciljne skupine za sudjelovanje u projektu &#8220;Zrno podr\u0161ke&#8221; SF.3.4.11.05.0072 u sklopu Poziva &#8220;\u0160irenje mre\u017ee socijalnih usluga za djecu&#8221;","datePublished":"2026-09-03T04:35:27+00:00","dateModified":"2026-09-04T04:42:02+00:00","mainEntityOfPage":{"@id":"https:\/\/www.dvcbm.hr\/?p=3738"},"wordCount":66,"publisher":{"@id":"https:\/\/www.dvcbm.hr\/#organization"},"image":{"@id":"https:\/\/www.dvcbm.hr\/?p=3738#primaryimage"},"thumbnailUrl":"https:\/\/www.dvcbm.hr\/wp-content\/uploads\/2026\/09\/objava-thumbnail.png","articleSection":["Aktivnosti"],"inLanguage":"hr"},{"@type":"WebPage","@id":"https:\/\/www.dvcbm.hr\/?p=3738","url":"https:\/\/www.dvcbm.hr\/?p=3738","name":"Javni Poziv pripadnicima ciljne skupine za sudjelovanje u projektu \"Zrno podr\u0161ke\" SF.3.4.11.05.0072 u sklopu Poziva \"\u0160irenje mre\u017ee socijalnih usluga za djecu\" - Dje\u010dji vrti\u0107 Cvr\u010dak","isPartOf":{"@id":"https:\/\/www.dvcbm.hr\/#website"},"primaryImageOfPage":{"@id":"https:\/\/www.dvcbm.hr\/?p=3738#primaryimage"},"image":{"@id":"https:\/\/www.dvcbm.hr\/?p=3738#primaryimage"},"thumbnailUrl":"https:\/\/www.dvcbm.hr\/wp-content\/uploads\/2026\/09\/objava-thumbnail.png","datePublished":"2026-09-03T04:35:27+00:00","dateModified":"2026-09-04T04:42:02+00:00","breadcrumb":{"@id":"https:\/\/www.dvcbm.hr\/?p=3738#breadcrumb"},"inLanguage":"hr","potentialAction":[{"@type":"ReadAction","target":["https:\/\/www.dvcbm.hr\/?p=3738"]}]},{"@type":"ImageObject","inLanguage":"hr","@id":"https:\/\/www.dvcbm.hr\/?p=3738#primaryimage","url":"https:\/\/www.dvcbm.hr\/wp-content\/uploads\/2026\/09\/objava-thumbnail.png","contentUrl":"https:\/\/www.dvcbm.hr\/wp-content\/uploads\/2026\/09\/objava-thumbnail.png","width":1200,"height":630},{"@type":"BreadcrumbList","@id":"https:\/\/www.dvcbm.hr\/?p=3738#breadcrumb","itemListElement":[{"@type":"ListItem","position":1,"name":"Po\u010detna stranica","item":"https:\/\/www.dvcbm.hr\/"},{"@type":"ListItem","position":2,"name":"Javni Poziv pripadnicima ciljne skupine za sudjelovanje u projektu &#8220;Zrno podr\u0161ke&#8221; SF.3.4.11.05.0072 u sklopu Poziva &#8220;\u0160irenje mre\u017ee socijalnih usluga za djecu&#8221;"}]},{"@type":"WebSite","@id":"https:\/\/www.dvcbm.hr\/#website","url":"https:\/\/www.dvcbm.hr\/","name":"Dje\u010dji vrti\u0107 Cvr\u010dak","description":"Beli Manastir","publisher":{"@id":"https:\/\/www.dvcbm.hr\/#organization"},"potentialAction":[{"@type":"SearchAction","target":{"@type":"EntryPoint","urlTemplate":"https:\/\/www.dvcbm.hr\/?s={search_term_string}"},"query-input":{"@type":"PropertyValueSpecification","valueRequired":true,"valueName":"search_term_string"}}],"inLanguage":"hr"},{"@type":"Organization","@id":"https:\/\/www.dvcbm.hr\/#organization","name":"Dje\u010dji vrti\u0107 Cvr\u010dak","url":"https:\/\/www.dvcbm.hr\/","logo":{"@type":"ImageObject","inLanguage":"hr","@id":"https:\/\/www.dvcbm.hr\/#\/schema\/logo\/image\/","url":"https:\/\/www.dvcbm.hr\/wp-content\/uploads\/2023\/02\/logowww-e1677439362399.jpg","contentUrl":"https:\/\/www.dvcbm.hr\/wp-content\/uploads\/2023\/02\/logowww-e1677439362399.jpg","width":130,"height":116,"caption":"Dje\u010dji vrti\u0107 Cvr\u010dak"},"image":{"@id":"https:\/\/www.dvcbm.hr\/#\/schema\/logo\/image\/"}},{"@type":"Person","@id":"https:\/\/www.dvcbm.hr\/#\/schema\/person\/8189a9eda7ba7054a70338e1a0f83d7d","name":"admin","image":{"@type":"ImageObject","inLanguage":"hr","@id":"https:\/\/secure.gravatar.com\/avatar\/d9ff10c03b0c5f87c8058e6c4fc8ce451e5338093e19c5b1af4f59907d4e480b?s=96&d=mm&r=g","url":"https:\/\/secure.gravatar.com\/avatar\/d9ff10c03b0c5f87c8058e6c4fc8ce451e5338093e19c5b1af4f59907d4e480b?s=96&d=mm&r=g","contentUrl":"https:\/\/secure.gravatar.com\/avatar\/d9ff10c03b0c5f87c8058e6c4fc8ce451e5338093e19c5b1af4f59907d4e480b?s=96&d=mm&r=g","caption":"admin"},"sameAs":["http:\/\/www.dvcbm.hr"],"url":"https:\/\/www.dvcbm.hr\/?author=1"}]}},"_links":{"self":[{"href":"https:\/\/www.dvcbm.hr\/index.php?rest_route=\/wp\/v2\/posts\/3738","targetHints":{"allow":["GET"]}}],"collection":[{"href":"https:\/\/www.dvcbm.hr\/index.php?rest_route=\/wp\/v2\/posts"}],"about":[{"href":"https:\/\/www.dvcbm.hr\/index.php?rest_route=\/wp\/v2\/types\/post"}],"author":[{"embeddable":true,"href":"https:\/\/www.dvcbm.hr\/index.php?rest_route=\/wp\/v2\/users\/1"}],"replies":[{"embeddable":true,"href":"https:\/\/www.dvcbm.hr\/index.php?rest_route=%2Fwp%2Fv2%2Fcomments&post=3738"}],"version-history":[{"count":1,"href":"https:\/\/www.dvcbm.hr\/index.php?rest_route=\/wp\/v2\/posts\/3738\/revisions"}],"predecessor-version":[{"id":3743,"href":"https:\/\/www.dvcbm.hr\/index.php?rest_route=\/wp\/v2\/posts\/3738\/revisions\/3743"}],"wp:featuredmedia":[{"embeddable":true,"href":"https:\/\/www.dvcbm.hr\/index.php?rest_route=\/wp\/v2\/media\/3742"}],"wp:attachment":[{"href":"https:\/\/www.dvcbm.hr\/index.php?rest_route=%2Fwp%2Fv2%2Fmedia&parent=3738"}],"wp:term":[{"taxonomy":"category","embeddable":true,"href":"https:\/\/www.dvcbm.hr\/index.php?rest_route=%2Fwp%2Fv2%2Fcategories&post=3738"},{"taxonomy":"post_tag","embeddable":true,"href":"https:\/\/www.dvcbm.hr\/index.php?rest_route=%2Fwp%2Fv2%2Ftags&post=3738"}],"curies":[{"name":"wp","href":"https:\/\/api.w.org\/{rel}","templated":true}]}}