{"id":3287,"date":"2025-11-21T06:20:50","date_gmt":"2025-11-21T06:20:50","guid":{"rendered":"https:\/\/www.dvcbm.hr\/?p=3287"},"modified":"2025-11-21T06:21:11","modified_gmt":"2025-11-21T06:21:11","slug":"lista-primljene-djece-u-djecji-vrtic-cvrcak-beli-manastir-za-pedagosku-2025-2026-godinu-na-naknadnom-upisnom-roku-u-studenom-2025","status":"publish","type":"post","link":"https:\/\/www.dvcbm.hr\/?p=3287","title":{"rendered":"Lista primljene djece u Dje\u010dji vrti\u0107 Cvr\u010dak Beli Manastir za pedago\u0161ku 2025.\/2026. godinu (na naknadnom upisnom roku u studenom 2025.)"},"content":{"rendered":"<p>Po\u0161tovani roditelji,<\/p>\n<p>&nbsp;<\/p>\n<p>U nastavku se nalazi Lista primljene djece u Dje\u010dji vrti\u0107 Cvr\u010dak Beli Manastir za pedago\u0161ku 2025.\/2026. godinu (na naknadnom upisnom roku u studenom 2025.).<\/p>\n<p>Molimo roditelje djece koja su primljena u Vrti\u0107 na naknadnom upisnom roku da najkasnije do <strong>24. studenog 2025.<\/strong> dostave ispunjeni <strong>Inicijalni upitnik<\/strong> (dostupan je u privitku na web stranici ili ga mo\u017eete osobno pokupiti u mati\u010dnom vrti\u0107u). Ispunjeni inicijalni upitnik dostavlja se na sljede\u0107u e-mail adresu: <a href=\"mailto:pedagoginja@dvcbm.hr\">pedagoginja@dvcbm.hr<\/a> \u00a0ili osobno u mati\u010dni vrti\u0107.<\/p>\n<p>Nakon dostavljanja popunjenog Inicijalnog upitnika, roditelji djece koja su primljena u Vrti\u0107 na naknadnom upisnom roku dobiti \u0107e na svoje e-mail adrese obavijest o vremenu odr\u017eavanja inicijalnog razgovora.<\/p>\n<p><strong>\u00a0<\/strong><\/p>\n<p><strong>\u00a0<\/strong><\/p>\n<p style=\"text-align: center;\"><strong>LISTA PRIMLJENE DJECE U DJE\u010cJI VRTI\u0106 CVR\u010cAK BELI MANASTIR<\/strong><\/p>\n<p style=\"text-align: center;\"><strong>ZA PEDAGO\u0160KU 2025. \/2026. GODINU <\/strong><\/p>\n<p style=\"text-align: center;\"><strong>(<\/strong><strong>na naknadnom upisnom roku u studenom<\/strong><strong> 2025.)<\/strong><\/p>\n<p><strong>\u00a0<\/strong><\/p>\n<p>&nbsp;<\/p>\n<p style=\"text-align: center;\">ODGOJNA SKUPINA ZE\u010cI\u0106I (PETLOVAC)<\/p>\n<table class=\" aligncenter\" width=\"360\">\n<tbody>\n<tr>\n<td width=\"188\">&nbsp;<\/p>\n<p>IME I PREZIME DJETETA<\/td>\n<td width=\"172\">&nbsp;<\/p>\n<p>DATUM RO\u0110ENJA<\/td>\n<\/tr>\n<tr>\n<td width=\"188\">&nbsp;<\/p>\n<p>1.\u00a0\u00a0\u00a0\u00a0\u00a0 M.K.<\/td>\n<td width=\"172\">&nbsp;<\/p>\n<p>10.11.2020.<\/td>\n<\/tr>\n<tr>\n<td width=\"188\">&nbsp;<\/p>\n<p>2.\u00a0\u00a0\u00a0\u00a0\u00a0 J.V.<\/td>\n<td width=\"172\">&nbsp;<\/p>\n<p>27.2.2022.<\/td>\n<\/tr>\n<\/tbody>\n<\/table>\n<p style=\"text-align: center;\">\n","protected":false},"excerpt":{"rendered":"<p>Po\u0161tovani roditelji, &nbsp; U nastavku se nalazi Lista primljene djece u Dje\u010dji vrti\u0107 Cvr\u010dak Beli Manastir za pedago\u0161ku 2025.\/2026. godinu (na naknadnom upisnom roku u studenom 2025.). Molimo roditelje djece koja su primljena u Vrti\u0107 na naknadnom upisnom roku da najkasnije do 24. studenog 2025. dostave ispunjeni Inicijalni upitnik (dostupan<span class=\"more-link\"><a href=\"https:\/\/www.dvcbm.hr\/?p=3287\">Vi\u0161e<\/a><\/span><\/p>\n","protected":false},"author":1,"featured_media":868,"comment_status":"closed","ping_status":"open","sticky":false,"template":"","format":"standard","meta":{"footnotes":""},"categories":[5,27],"tags":[],"class_list":["entry","author-admin","post-3287","post","type-post","status-publish","format-standard","has-post-thumbnail","category-obavijesti","category-upisi"],"yoast_head":"<!-- This site is optimized with the Yoast SEO plugin v27.5 - https:\/\/yoast.com\/product\/yoast-seo-wordpress\/ -->\n<title>Lista primljene djece u Dje\u010dji vrti\u0107 Cvr\u010dak Beli Manastir za pedago\u0161ku 2025.\/2026. godinu (na naknadnom upisnom roku u studenom 2025.) - Dje\u010dji vrti\u0107 Cvr\u010dak<\/title>\n<meta name=\"robots\" content=\"index, follow, max-snippet:-1, max-image-preview:large, max-video-preview:-1\" \/>\n<link rel=\"canonical\" href=\"http:\/\/www.dvcbm.hr\/?p=3287\" \/>\n<script type=\"application\/ld+json\" class=\"yoast-schema-graph\">{\"@context\":\"https:\\\/\\\/schema.org\",\"@graph\":[{\"@type\":\"Article\",\"@id\":\"http:\\\/\\\/www.dvcbm.hr\\\/?p=3287#article\",\"isPartOf\":{\"@id\":\"http:\\\/\\\/www.dvcbm.hr\\\/?p=3287\"},\"author\":{\"name\":\"admin\",\"@id\":\"http:\\\/\\\/www.dvcbm.hr\\\/#\\\/schema\\\/person\\\/8189a9eda7ba7054a70338e1a0f83d7d\"},\"headline\":\"Lista primljene djece u Dje\u010dji vrti\u0107 Cvr\u010dak Beli Manastir za pedago\u0161ku 2025.\\\/2026. godinu (na naknadnom upisnom roku u studenom 2025.)\",\"datePublished\":\"2025-11-21T06:20:50+00:00\",\"dateModified\":\"2025-11-21T06:21:11+00:00\",\"mainEntityOfPage\":{\"@id\":\"http:\\\/\\\/www.dvcbm.hr\\\/?p=3287\"},\"wordCount\":181,\"publisher\":{\"@id\":\"http:\\\/\\\/www.dvcbm.hr\\\/#organization\"},\"image\":{\"@id\":\"http:\\\/\\\/www.dvcbm.hr\\\/?p=3287#primaryimage\"},\"thumbnailUrl\":\"https:\\\/\\\/www.dvcbm.hr\\\/wp-content\\\/uploads\\\/2023\\\/04\\\/e-upisi-1.png\",\"articleSection\":[\"Obavijesti\",\"Upisi\"],\"inLanguage\":\"hr\"},{\"@type\":\"WebPage\",\"@id\":\"http:\\\/\\\/www.dvcbm.hr\\\/?p=3287\",\"url\":\"http:\\\/\\\/www.dvcbm.hr\\\/?p=3287\",\"name\":\"Lista primljene djece u Dje\u010dji vrti\u0107 Cvr\u010dak Beli Manastir za pedago\u0161ku 2025.\\\/2026. godinu (na naknadnom upisnom roku u studenom 2025.) - Dje\u010dji vrti\u0107 Cvr\u010dak\",\"isPartOf\":{\"@id\":\"http:\\\/\\\/www.dvcbm.hr\\\/#website\"},\"primaryImageOfPage\":{\"@id\":\"http:\\\/\\\/www.dvcbm.hr\\\/?p=3287#primaryimage\"},\"image\":{\"@id\":\"http:\\\/\\\/www.dvcbm.hr\\\/?p=3287#primaryimage\"},\"thumbnailUrl\":\"https:\\\/\\\/www.dvcbm.hr\\\/wp-content\\\/uploads\\\/2023\\\/04\\\/e-upisi-1.png\",\"datePublished\":\"2025-11-21T06:20:50+00:00\",\"dateModified\":\"2025-11-21T06:21:11+00:00\",\"breadcrumb\":{\"@id\":\"http:\\\/\\\/www.dvcbm.hr\\\/?p=3287#breadcrumb\"},\"inLanguage\":\"hr\",\"potentialAction\":[{\"@type\":\"ReadAction\",\"target\":[\"http:\\\/\\\/www.dvcbm.hr\\\/?p=3287\"]}]},{\"@type\":\"ImageObject\",\"inLanguage\":\"hr\",\"@id\":\"http:\\\/\\\/www.dvcbm.hr\\\/?p=3287#primaryimage\",\"url\":\"https:\\\/\\\/www.dvcbm.hr\\\/wp-content\\\/uploads\\\/2023\\\/04\\\/e-upisi-1.png\",\"contentUrl\":\"https:\\\/\\\/www.dvcbm.hr\\\/wp-content\\\/uploads\\\/2023\\\/04\\\/e-upisi-1.png\",\"width\":547,\"height\":366},{\"@type\":\"BreadcrumbList\",\"@id\":\"http:\\\/\\\/www.dvcbm.hr\\\/?p=3287#breadcrumb\",\"itemListElement\":[{\"@type\":\"ListItem\",\"position\":1,\"name\":\"Po\u010detna stranica\",\"item\":\"http:\\\/\\\/www.dvcbm.hr\\\/\"},{\"@type\":\"ListItem\",\"position\":2,\"name\":\"Lista primljene djece u Dje\u010dji vrti\u0107 Cvr\u010dak Beli Manastir za pedago\u0161ku 2025.\\\/2026. godinu (na naknadnom upisnom roku u studenom 2025.)\"}]},{\"@type\":\"WebSite\",\"@id\":\"http:\\\/\\\/www.dvcbm.hr\\\/#website\",\"url\":\"http:\\\/\\\/www.dvcbm.hr\\\/\",\"name\":\"Dje\u010dji vrti\u0107 Cvr\u010dak\",\"description\":\"Beli Manastir\",\"publisher\":{\"@id\":\"http:\\\/\\\/www.dvcbm.hr\\\/#organization\"},\"potentialAction\":[{\"@type\":\"SearchAction\",\"target\":{\"@type\":\"EntryPoint\",\"urlTemplate\":\"http:\\\/\\\/www.dvcbm.hr\\\/?s={search_term_string}\"},\"query-input\":{\"@type\":\"PropertyValueSpecification\",\"valueRequired\":true,\"valueName\":\"search_term_string\"}}],\"inLanguage\":\"hr\"},{\"@type\":\"Organization\",\"@id\":\"http:\\\/\\\/www.dvcbm.hr\\\/#organization\",\"name\":\"Dje\u010dji vrti\u0107 Cvr\u010dak\",\"url\":\"http:\\\/\\\/www.dvcbm.hr\\\/\",\"logo\":{\"@type\":\"ImageObject\",\"inLanguage\":\"hr\",\"@id\":\"http:\\\/\\\/www.dvcbm.hr\\\/#\\\/schema\\\/logo\\\/image\\\/\",\"url\":\"https:\\\/\\\/www.dvcbm.hr\\\/wp-content\\\/uploads\\\/2023\\\/02\\\/logowww-e1677439362399.jpg\",\"contentUrl\":\"https:\\\/\\\/www.dvcbm.hr\\\/wp-content\\\/uploads\\\/2023\\\/02\\\/logowww-e1677439362399.jpg\",\"width\":130,\"height\":116,\"caption\":\"Dje\u010dji vrti\u0107 Cvr\u010dak\"},\"image\":{\"@id\":\"http:\\\/\\\/www.dvcbm.hr\\\/#\\\/schema\\\/logo\\\/image\\\/\"}},{\"@type\":\"Person\",\"@id\":\"http:\\\/\\\/www.dvcbm.hr\\\/#\\\/schema\\\/person\\\/8189a9eda7ba7054a70338e1a0f83d7d\",\"name\":\"admin\",\"image\":{\"@type\":\"ImageObject\",\"inLanguage\":\"hr\",\"@id\":\"https:\\\/\\\/secure.gravatar.com\\\/avatar\\\/d9ff10c03b0c5f87c8058e6c4fc8ce451e5338093e19c5b1af4f59907d4e480b?s=96&d=mm&r=g\",\"url\":\"https:\\\/\\\/secure.gravatar.com\\\/avatar\\\/d9ff10c03b0c5f87c8058e6c4fc8ce451e5338093e19c5b1af4f59907d4e480b?s=96&d=mm&r=g\",\"contentUrl\":\"https:\\\/\\\/secure.gravatar.com\\\/avatar\\\/d9ff10c03b0c5f87c8058e6c4fc8ce451e5338093e19c5b1af4f59907d4e480b?s=96&d=mm&r=g\",\"caption\":\"admin\"},\"sameAs\":[\"http:\\\/\\\/www.dvcbm.hr\"],\"url\":\"https:\\\/\\\/www.dvcbm.hr\\\/?author=1\"}]}<\/script>\n<!-- \/ Yoast SEO plugin. -->","yoast_head_json":{"title":"Lista primljene djece u Dje\u010dji vrti\u0107 Cvr\u010dak Beli Manastir za pedago\u0161ku 2025.\/2026. godinu (na naknadnom upisnom roku u studenom 2025.) - Dje\u010dji vrti\u0107 Cvr\u010dak","robots":{"index":"index","follow":"follow","max-snippet":"max-snippet:-1","max-image-preview":"max-image-preview:large","max-video-preview":"max-video-preview:-1"},"canonical":"http:\/\/www.dvcbm.hr\/?p=3287","schema":{"@context":"https:\/\/schema.org","@graph":[{"@type":"Article","@id":"http:\/\/www.dvcbm.hr\/?p=3287#article","isPartOf":{"@id":"http:\/\/www.dvcbm.hr\/?p=3287"},"author":{"name":"admin","@id":"http:\/\/www.dvcbm.hr\/#\/schema\/person\/8189a9eda7ba7054a70338e1a0f83d7d"},"headline":"Lista primljene djece u Dje\u010dji vrti\u0107 Cvr\u010dak Beli Manastir za pedago\u0161ku 2025.\/2026. godinu (na naknadnom upisnom roku u studenom 2025.)","datePublished":"2025-11-21T06:20:50+00:00","dateModified":"2025-11-21T06:21:11+00:00","mainEntityOfPage":{"@id":"http:\/\/www.dvcbm.hr\/?p=3287"},"wordCount":181,"publisher":{"@id":"http:\/\/www.dvcbm.hr\/#organization"},"image":{"@id":"http:\/\/www.dvcbm.hr\/?p=3287#primaryimage"},"thumbnailUrl":"https:\/\/www.dvcbm.hr\/wp-content\/uploads\/2023\/04\/e-upisi-1.png","articleSection":["Obavijesti","Upisi"],"inLanguage":"hr"},{"@type":"WebPage","@id":"http:\/\/www.dvcbm.hr\/?p=3287","url":"http:\/\/www.dvcbm.hr\/?p=3287","name":"Lista primljene djece u Dje\u010dji vrti\u0107 Cvr\u010dak Beli Manastir za pedago\u0161ku 2025.\/2026. godinu (na naknadnom upisnom roku u studenom 2025.) - Dje\u010dji vrti\u0107 Cvr\u010dak","isPartOf":{"@id":"http:\/\/www.dvcbm.hr\/#website"},"primaryImageOfPage":{"@id":"http:\/\/www.dvcbm.hr\/?p=3287#primaryimage"},"image":{"@id":"http:\/\/www.dvcbm.hr\/?p=3287#primaryimage"},"thumbnailUrl":"https:\/\/www.dvcbm.hr\/wp-content\/uploads\/2023\/04\/e-upisi-1.png","datePublished":"2025-11-21T06:20:50+00:00","dateModified":"2025-11-21T06:21:11+00:00","breadcrumb":{"@id":"http:\/\/www.dvcbm.hr\/?p=3287#breadcrumb"},"inLanguage":"hr","potentialAction":[{"@type":"ReadAction","target":["http:\/\/www.dvcbm.hr\/?p=3287"]}]},{"@type":"ImageObject","inLanguage":"hr","@id":"http:\/\/www.dvcbm.hr\/?p=3287#primaryimage","url":"https:\/\/www.dvcbm.hr\/wp-content\/uploads\/2023\/04\/e-upisi-1.png","contentUrl":"https:\/\/www.dvcbm.hr\/wp-content\/uploads\/2023\/04\/e-upisi-1.png","width":547,"height":366},{"@type":"BreadcrumbList","@id":"http:\/\/www.dvcbm.hr\/?p=3287#breadcrumb","itemListElement":[{"@type":"ListItem","position":1,"name":"Po\u010detna stranica","item":"http:\/\/www.dvcbm.hr\/"},{"@type":"ListItem","position":2,"name":"Lista primljene djece u Dje\u010dji vrti\u0107 Cvr\u010dak Beli Manastir za pedago\u0161ku 2025.\/2026. godinu (na naknadnom upisnom roku u studenom 2025.)"}]},{"@type":"WebSite","@id":"http:\/\/www.dvcbm.hr\/#website","url":"http:\/\/www.dvcbm.hr\/","name":"Dje\u010dji vrti\u0107 Cvr\u010dak","description":"Beli Manastir","publisher":{"@id":"http:\/\/www.dvcbm.hr\/#organization"},"potentialAction":[{"@type":"SearchAction","target":{"@type":"EntryPoint","urlTemplate":"http:\/\/www.dvcbm.hr\/?s={search_term_string}"},"query-input":{"@type":"PropertyValueSpecification","valueRequired":true,"valueName":"search_term_string"}}],"inLanguage":"hr"},{"@type":"Organization","@id":"http:\/\/www.dvcbm.hr\/#organization","name":"Dje\u010dji vrti\u0107 Cvr\u010dak","url":"http:\/\/www.dvcbm.hr\/","logo":{"@type":"ImageObject","inLanguage":"hr","@id":"http:\/\/www.dvcbm.hr\/#\/schema\/logo\/image\/","url":"https:\/\/www.dvcbm.hr\/wp-content\/uploads\/2023\/02\/logowww-e1677439362399.jpg","contentUrl":"https:\/\/www.dvcbm.hr\/wp-content\/uploads\/2023\/02\/logowww-e1677439362399.jpg","width":130,"height":116,"caption":"Dje\u010dji vrti\u0107 Cvr\u010dak"},"image":{"@id":"http:\/\/www.dvcbm.hr\/#\/schema\/logo\/image\/"}},{"@type":"Person","@id":"http:\/\/www.dvcbm.hr\/#\/schema\/person\/8189a9eda7ba7054a70338e1a0f83d7d","name":"admin","image":{"@type":"ImageObject","inLanguage":"hr","@id":"https:\/\/secure.gravatar.com\/avatar\/d9ff10c03b0c5f87c8058e6c4fc8ce451e5338093e19c5b1af4f59907d4e480b?s=96&d=mm&r=g","url":"https:\/\/secure.gravatar.com\/avatar\/d9ff10c03b0c5f87c8058e6c4fc8ce451e5338093e19c5b1af4f59907d4e480b?s=96&d=mm&r=g","contentUrl":"https:\/\/secure.gravatar.com\/avatar\/d9ff10c03b0c5f87c8058e6c4fc8ce451e5338093e19c5b1af4f59907d4e480b?s=96&d=mm&r=g","caption":"admin"},"sameAs":["http:\/\/www.dvcbm.hr"],"url":"https:\/\/www.dvcbm.hr\/?author=1"}]}},"_links":{"self":[{"href":"https:\/\/www.dvcbm.hr\/index.php?rest_route=\/wp\/v2\/posts\/3287","targetHints":{"allow":["GET"]}}],"collection":[{"href":"https:\/\/www.dvcbm.hr\/index.php?rest_route=\/wp\/v2\/posts"}],"about":[{"href":"https:\/\/www.dvcbm.hr\/index.php?rest_route=\/wp\/v2\/types\/post"}],"author":[{"embeddable":true,"href":"https:\/\/www.dvcbm.hr\/index.php?rest_route=\/wp\/v2\/users\/1"}],"replies":[{"embeddable":true,"href":"https:\/\/www.dvcbm.hr\/index.php?rest_route=%2Fwp%2Fv2%2Fcomments&post=3287"}],"version-history":[{"count":0,"href":"https:\/\/www.dvcbm.hr\/index.php?rest_route=\/wp\/v2\/posts\/3287\/revisions"}],"wp:featuredmedia":[{"embeddable":true,"href":"https:\/\/www.dvcbm.hr\/index.php?rest_route=\/wp\/v2\/media\/868"}],"wp:attachment":[{"href":"https:\/\/www.dvcbm.hr\/index.php?rest_route=%2Fwp%2Fv2%2Fmedia&parent=3287"}],"wp:term":[{"taxonomy":"category","embeddable":true,"href":"https:\/\/www.dvcbm.hr\/index.php?rest_route=%2Fwp%2Fv2%2Fcategories&post=3287"},{"taxonomy":"post_tag","embeddable":true,"href":"https:\/\/www.dvcbm.hr\/index.php?rest_route=%2Fwp%2Fv2%2Ftags&post=3287"}],"curies":[{"name":"wp","href":"https:\/\/api.w.org\/{rel}","templated":true}]}}