{"id":2824,"date":"2025-03-21T11:08:59","date_gmt":"2025-03-21T11:08:59","guid":{"rendered":"http:\/\/www.dvcbm.hr\/?p=2824"},"modified":"2025-03-21T18:51:54","modified_gmt":"2025-03-21T18:51:54","slug":"odluka-o-listi-primljene-djece","status":"publish","type":"post","link":"https:\/\/www.dvcbm.hr\/?p=2824","title":{"rendered":"Odluka o listi primljene djece na naknadnom upisnom roku u o\u017eujku 2025."},"content":{"rendered":"<p>U nastavku se nalazi Lista primljene djece u Dje\u010dji vrti\u0107 Cvr\u010dak Beli Manastir za pedago\u0161ku 2024.\/2025. godinu (na naknadnom upisnom roku u o\u017eujku 2025.).<\/p>\n<p>Molimo roditelje djece koja su primljena u Vrti\u0107 na naknadnom upisnom roku da najkasnije do <strong>25. o\u017eujka 2025.<\/strong> dostave ispunjeni <strong>Inicijalni upitnik<\/strong> (dostupan je u privitku na web stranici ili ga mo\u017eete osobno pokupiti u mati\u010dnom vrti\u0107u). Ispunjeni inicijalni upitnik dostavlja se na sljede\u0107u e-mail adresu: <a href=\"mailto:pedagoginja@dvcbm.hr\">pedagoginja@dvcbm.hr<\/a> \u00a0ili osobno u mati\u010dni vrti\u0107.<\/p>\n<p>Nakon dostavljanja popunjenog Inicijalnog upitnika, roditelji djece koja su primljena u Vrti\u0107 na naknadnom upisnom roku dobiti \u0107e na svoje e-mail adrese obavijest o vremenu odr\u017eavanja inicijalnog razgovora.<\/p>\n<p><strong>\u00a0<\/strong><strong>\u00a0<\/strong><\/p>\n<p style=\"text-align: center;\"><strong>LISTA PRIMLJENE DJECE U DJE\u010cJI VRTI\u0106 CVR\u010cAK BELI MANASTIR<\/strong><\/p>\n<p style=\"text-align: center;\"><strong>ZA PEDAGO\u0160KU 2024.\/2025. GODINU <\/strong><\/p>\n<p style=\"text-align: center;\"><strong>(na naknadnom upisnom roku u o\u017eujku 2025.)<\/strong><\/p>\n<p><strong>\u00a0<\/strong><\/p>\n<p style=\"text-align: center;\">ODGOJNA SKUPINA KRIJESNICE (BRANJIN VRH)<\/p>\n<p style=\"text-align: center;\">IME I PREZIME DJETETA\u00a0 \u00a0 \u00a0 \u00a0 \u00a0 \u00a0 \u00a0 DATUM RO\u0110ENJA<\/p>\n<p style=\"text-align: center;\">\u00a0 \u00a0 \u00a0 \u00a0 \u00a0 1.\u00a0\u00a0\u00a0\u00a0\u00a0\u00a0 P.D.\u00a0 \u00a0 \u00a0 \u00a0 \u00a0 \u00a0 \u00a0 \u00a0 \u00a0 \u00a0 \u00a0 \u00a0 \u00a0 \u00a0 \u00a0 \u00a0 \u00a0 \u00a0 \u00a0 \u00a0 \u00a0 \u00a0 \u00a024.10.2020.<\/p>\n<p>&nbsp;<\/p>\n<p>&nbsp;<\/p>\n","protected":false},"excerpt":{"rendered":"<p>U nastavku se nalazi Lista primljene djece u Dje\u010dji vrti\u0107 Cvr\u010dak Beli Manastir za pedago\u0161ku 2024.\/2025. godinu (na naknadnom upisnom roku u o\u017eujku 2025.). Molimo roditelje djece koja su primljena u Vrti\u0107 na naknadnom upisnom roku da najkasnije do 25. o\u017eujka 2025. dostave ispunjeni Inicijalni upitnik (dostupan je u privitku<span class=\"more-link\"><a href=\"https:\/\/www.dvcbm.hr\/?p=2824\">Vi\u0161e<\/a><\/span><\/p>\n","protected":false},"author":1,"featured_media":0,"comment_status":"closed","ping_status":"open","sticky":false,"template":"","format":"standard","meta":{"footnotes":""},"categories":[5,27],"tags":[],"class_list":["entry","author-admin","post-2824","post","type-post","status-publish","format-standard","category-obavijesti","category-upisi"],"yoast_head":"<!-- This site is optimized with the Yoast SEO plugin v27.5 - https:\/\/yoast.com\/product\/yoast-seo-wordpress\/ -->\n<title>Odluka o listi primljene djece na naknadnom upisnom roku u o\u017eujku 2025. - Dje\u010dji vrti\u0107 Cvr\u010dak<\/title>\n<meta name=\"robots\" content=\"index, follow, max-snippet:-1, max-image-preview:large, max-video-preview:-1\" \/>\n<link rel=\"canonical\" href=\"http:\/\/www.dvcbm.hr\/?p=2824\" \/>\n<script type=\"application\/ld+json\" class=\"yoast-schema-graph\">{\"@context\":\"https:\\\/\\\/schema.org\",\"@graph\":[{\"@type\":\"Article\",\"@id\":\"http:\\\/\\\/www.dvcbm.hr\\\/?p=2824#article\",\"isPartOf\":{\"@id\":\"http:\\\/\\\/www.dvcbm.hr\\\/?p=2824\"},\"author\":{\"name\":\"admin\",\"@id\":\"http:\\\/\\\/www.dvcbm.hr\\\/#\\\/schema\\\/person\\\/8189a9eda7ba7054a70338e1a0f83d7d\"},\"headline\":\"Odluka o listi primljene djece na naknadnom upisnom roku u o\u017eujku 2025.\",\"datePublished\":\"2025-03-21T11:08:59+00:00\",\"dateModified\":\"2025-03-21T18:51:54+00:00\",\"mainEntityOfPage\":{\"@id\":\"http:\\\/\\\/www.dvcbm.hr\\\/?p=2824\"},\"wordCount\":163,\"publisher\":{\"@id\":\"http:\\\/\\\/www.dvcbm.hr\\\/#organization\"},\"articleSection\":[\"Obavijesti\",\"Upisi\"],\"inLanguage\":\"hr\"},{\"@type\":\"WebPage\",\"@id\":\"http:\\\/\\\/www.dvcbm.hr\\\/?p=2824\",\"url\":\"http:\\\/\\\/www.dvcbm.hr\\\/?p=2824\",\"name\":\"Odluka o listi primljene djece na naknadnom upisnom roku u o\u017eujku 2025. - Dje\u010dji vrti\u0107 Cvr\u010dak\",\"isPartOf\":{\"@id\":\"http:\\\/\\\/www.dvcbm.hr\\\/#website\"},\"datePublished\":\"2025-03-21T11:08:59+00:00\",\"dateModified\":\"2025-03-21T18:51:54+00:00\",\"breadcrumb\":{\"@id\":\"http:\\\/\\\/www.dvcbm.hr\\\/?p=2824#breadcrumb\"},\"inLanguage\":\"hr\",\"potentialAction\":[{\"@type\":\"ReadAction\",\"target\":[\"http:\\\/\\\/www.dvcbm.hr\\\/?p=2824\"]}]},{\"@type\":\"BreadcrumbList\",\"@id\":\"http:\\\/\\\/www.dvcbm.hr\\\/?p=2824#breadcrumb\",\"itemListElement\":[{\"@type\":\"ListItem\",\"position\":1,\"name\":\"Po\u010detna stranica\",\"item\":\"http:\\\/\\\/www.dvcbm.hr\\\/\"},{\"@type\":\"ListItem\",\"position\":2,\"name\":\"Odluka o listi primljene djece na naknadnom upisnom roku u o\u017eujku 2025.\"}]},{\"@type\":\"WebSite\",\"@id\":\"http:\\\/\\\/www.dvcbm.hr\\\/#website\",\"url\":\"http:\\\/\\\/www.dvcbm.hr\\\/\",\"name\":\"Dje\u010dji vrti\u0107 Cvr\u010dak\",\"description\":\"Beli Manastir\",\"publisher\":{\"@id\":\"http:\\\/\\\/www.dvcbm.hr\\\/#organization\"},\"potentialAction\":[{\"@type\":\"SearchAction\",\"target\":{\"@type\":\"EntryPoint\",\"urlTemplate\":\"http:\\\/\\\/www.dvcbm.hr\\\/?s={search_term_string}\"},\"query-input\":{\"@type\":\"PropertyValueSpecification\",\"valueRequired\":true,\"valueName\":\"search_term_string\"}}],\"inLanguage\":\"hr\"},{\"@type\":\"Organization\",\"@id\":\"http:\\\/\\\/www.dvcbm.hr\\\/#organization\",\"name\":\"Dje\u010dji vrti\u0107 Cvr\u010dak\",\"url\":\"http:\\\/\\\/www.dvcbm.hr\\\/\",\"logo\":{\"@type\":\"ImageObject\",\"inLanguage\":\"hr\",\"@id\":\"http:\\\/\\\/www.dvcbm.hr\\\/#\\\/schema\\\/logo\\\/image\\\/\",\"url\":\"https:\\\/\\\/www.dvcbm.hr\\\/wp-content\\\/uploads\\\/2023\\\/02\\\/logowww-e1677439362399.jpg\",\"contentUrl\":\"https:\\\/\\\/www.dvcbm.hr\\\/wp-content\\\/uploads\\\/2023\\\/02\\\/logowww-e1677439362399.jpg\",\"width\":130,\"height\":116,\"caption\":\"Dje\u010dji vrti\u0107 Cvr\u010dak\"},\"image\":{\"@id\":\"http:\\\/\\\/www.dvcbm.hr\\\/#\\\/schema\\\/logo\\\/image\\\/\"}},{\"@type\":\"Person\",\"@id\":\"http:\\\/\\\/www.dvcbm.hr\\\/#\\\/schema\\\/person\\\/8189a9eda7ba7054a70338e1a0f83d7d\",\"name\":\"admin\",\"image\":{\"@type\":\"ImageObject\",\"inLanguage\":\"hr\",\"@id\":\"https:\\\/\\\/secure.gravatar.com\\\/avatar\\\/d9ff10c03b0c5f87c8058e6c4fc8ce451e5338093e19c5b1af4f59907d4e480b?s=96&d=mm&r=g\",\"url\":\"https:\\\/\\\/secure.gravatar.com\\\/avatar\\\/d9ff10c03b0c5f87c8058e6c4fc8ce451e5338093e19c5b1af4f59907d4e480b?s=96&d=mm&r=g\",\"contentUrl\":\"https:\\\/\\\/secure.gravatar.com\\\/avatar\\\/d9ff10c03b0c5f87c8058e6c4fc8ce451e5338093e19c5b1af4f59907d4e480b?s=96&d=mm&r=g\",\"caption\":\"admin\"},\"sameAs\":[\"http:\\\/\\\/www.dvcbm.hr\"],\"url\":\"https:\\\/\\\/www.dvcbm.hr\\\/?author=1\"}]}<\/script>\n<!-- \/ Yoast SEO plugin. -->","yoast_head_json":{"title":"Odluka o listi primljene djece na naknadnom upisnom roku u o\u017eujku 2025. - Dje\u010dji vrti\u0107 Cvr\u010dak","robots":{"index":"index","follow":"follow","max-snippet":"max-snippet:-1","max-image-preview":"max-image-preview:large","max-video-preview":"max-video-preview:-1"},"canonical":"http:\/\/www.dvcbm.hr\/?p=2824","schema":{"@context":"https:\/\/schema.org","@graph":[{"@type":"Article","@id":"http:\/\/www.dvcbm.hr\/?p=2824#article","isPartOf":{"@id":"http:\/\/www.dvcbm.hr\/?p=2824"},"author":{"name":"admin","@id":"http:\/\/www.dvcbm.hr\/#\/schema\/person\/8189a9eda7ba7054a70338e1a0f83d7d"},"headline":"Odluka o listi primljene djece na naknadnom upisnom roku u o\u017eujku 2025.","datePublished":"2025-03-21T11:08:59+00:00","dateModified":"2025-03-21T18:51:54+00:00","mainEntityOfPage":{"@id":"http:\/\/www.dvcbm.hr\/?p=2824"},"wordCount":163,"publisher":{"@id":"http:\/\/www.dvcbm.hr\/#organization"},"articleSection":["Obavijesti","Upisi"],"inLanguage":"hr"},{"@type":"WebPage","@id":"http:\/\/www.dvcbm.hr\/?p=2824","url":"http:\/\/www.dvcbm.hr\/?p=2824","name":"Odluka o listi primljene djece na naknadnom upisnom roku u o\u017eujku 2025. - Dje\u010dji vrti\u0107 Cvr\u010dak","isPartOf":{"@id":"http:\/\/www.dvcbm.hr\/#website"},"datePublished":"2025-03-21T11:08:59+00:00","dateModified":"2025-03-21T18:51:54+00:00","breadcrumb":{"@id":"http:\/\/www.dvcbm.hr\/?p=2824#breadcrumb"},"inLanguage":"hr","potentialAction":[{"@type":"ReadAction","target":["http:\/\/www.dvcbm.hr\/?p=2824"]}]},{"@type":"BreadcrumbList","@id":"http:\/\/www.dvcbm.hr\/?p=2824#breadcrumb","itemListElement":[{"@type":"ListItem","position":1,"name":"Po\u010detna stranica","item":"http:\/\/www.dvcbm.hr\/"},{"@type":"ListItem","position":2,"name":"Odluka o listi primljene djece na naknadnom upisnom roku u o\u017eujku 2025."}]},{"@type":"WebSite","@id":"http:\/\/www.dvcbm.hr\/#website","url":"http:\/\/www.dvcbm.hr\/","name":"Dje\u010dji vrti\u0107 Cvr\u010dak","description":"Beli Manastir","publisher":{"@id":"http:\/\/www.dvcbm.hr\/#organization"},"potentialAction":[{"@type":"SearchAction","target":{"@type":"EntryPoint","urlTemplate":"http:\/\/www.dvcbm.hr\/?s={search_term_string}"},"query-input":{"@type":"PropertyValueSpecification","valueRequired":true,"valueName":"search_term_string"}}],"inLanguage":"hr"},{"@type":"Organization","@id":"http:\/\/www.dvcbm.hr\/#organization","name":"Dje\u010dji vrti\u0107 Cvr\u010dak","url":"http:\/\/www.dvcbm.hr\/","logo":{"@type":"ImageObject","inLanguage":"hr","@id":"http:\/\/www.dvcbm.hr\/#\/schema\/logo\/image\/","url":"https:\/\/www.dvcbm.hr\/wp-content\/uploads\/2023\/02\/logowww-e1677439362399.jpg","contentUrl":"https:\/\/www.dvcbm.hr\/wp-content\/uploads\/2023\/02\/logowww-e1677439362399.jpg","width":130,"height":116,"caption":"Dje\u010dji vrti\u0107 Cvr\u010dak"},"image":{"@id":"http:\/\/www.dvcbm.hr\/#\/schema\/logo\/image\/"}},{"@type":"Person","@id":"http:\/\/www.dvcbm.hr\/#\/schema\/person\/8189a9eda7ba7054a70338e1a0f83d7d","name":"admin","image":{"@type":"ImageObject","inLanguage":"hr","@id":"https:\/\/secure.gravatar.com\/avatar\/d9ff10c03b0c5f87c8058e6c4fc8ce451e5338093e19c5b1af4f59907d4e480b?s=96&d=mm&r=g","url":"https:\/\/secure.gravatar.com\/avatar\/d9ff10c03b0c5f87c8058e6c4fc8ce451e5338093e19c5b1af4f59907d4e480b?s=96&d=mm&r=g","contentUrl":"https:\/\/secure.gravatar.com\/avatar\/d9ff10c03b0c5f87c8058e6c4fc8ce451e5338093e19c5b1af4f59907d4e480b?s=96&d=mm&r=g","caption":"admin"},"sameAs":["http:\/\/www.dvcbm.hr"],"url":"https:\/\/www.dvcbm.hr\/?author=1"}]}},"_links":{"self":[{"href":"https:\/\/www.dvcbm.hr\/index.php?rest_route=\/wp\/v2\/posts\/2824","targetHints":{"allow":["GET"]}}],"collection":[{"href":"https:\/\/www.dvcbm.hr\/index.php?rest_route=\/wp\/v2\/posts"}],"about":[{"href":"https:\/\/www.dvcbm.hr\/index.php?rest_route=\/wp\/v2\/types\/post"}],"author":[{"embeddable":true,"href":"https:\/\/www.dvcbm.hr\/index.php?rest_route=\/wp\/v2\/users\/1"}],"replies":[{"embeddable":true,"href":"https:\/\/www.dvcbm.hr\/index.php?rest_route=%2Fwp%2Fv2%2Fcomments&post=2824"}],"version-history":[{"count":0,"href":"https:\/\/www.dvcbm.hr\/index.php?rest_route=\/wp\/v2\/posts\/2824\/revisions"}],"wp:attachment":[{"href":"https:\/\/www.dvcbm.hr\/index.php?rest_route=%2Fwp%2Fv2%2Fmedia&parent=2824"}],"wp:term":[{"taxonomy":"category","embeddable":true,"href":"https:\/\/www.dvcbm.hr\/index.php?rest_route=%2Fwp%2Fv2%2Fcategories&post=2824"},{"taxonomy":"post_tag","embeddable":true,"href":"https:\/\/www.dvcbm.hr\/index.php?rest_route=%2Fwp%2Fv2%2Ftags&post=2824"}],"curies":[{"name":"wp","href":"https:\/\/api.w.org\/{rel}","templated":true}]}}