{"id":2663,"date":"2024-12-31T09:50:56","date_gmt":"2024-12-31T09:50:56","guid":{"rendered":"https:\/\/www.dvcbm.hr\/?p=2663"},"modified":"2024-12-31T09:50:56","modified_gmt":"2024-12-31T09:50:56","slug":"javni-poziv-za-naknadni-upisni-rok-u-sijecnju","status":"publish","type":"post","link":"https:\/\/www.dvcbm.hr\/?p=2663","title":{"rendered":"Javni poziv za naknadni upisni rok u sije\u010dnju"},"content":{"rendered":"<p>U periodu od <strong>10. sije\u010dnja 2025. do 17. sije\u010dnja 2025.<\/strong> godine (do 12 sati kada se aplikacija automatski zatvara) provodit \u0107e se online e-Upisi u Dje\u010dji vrti\u0107 Cvr\u010dak Beli Manastir. Portalu e-Upisi mo\u017eete pristupiti <a href=\"https:\/\/e-upisi.hr\/\">ovdje<\/a>, odnosno putem sustava e-Gra\u0111ani.<\/p>\n<p>Roditelji trebaju imati pristup sustavu e-Gra\u0111ani, na koji se mogu prijaviti kori\u0161tenjem bilo koje od 27 razli\u010ditih vjerodajnica (<a href=\"https:\/\/gov.hr\/hr\/lista-prihvacenih-vjerodajnica\/1792\">lista svih prihva\u0107enih vjerodajnica<\/a>).<\/p>\n<p><strong>Prije upisa Vas molimo da provjerite podatke koji su od zna\u010daja za upis (ispravni podaci o djetetu i obitelji). Kriteriji za upis djeteta bit \u0107e vidljivi u aplikaciji za upise.<\/strong><br \/>\n<strong>Roditelji su du\u017eni ozna\u010diti koje kriterije zadovoljavaju te prilo\u017eiti potrebnu dokumentaciju (ozna\u010deni kriteriji bez prilo\u017eene dokumentacije ne\u0107e biti va\u017ee\u0107i). Dokumentaciju prila\u017eete direktno u aplikaciji za upise.<\/strong><\/p>\n<p>Roditelj u aplikaciji e-Upisi ne ispunjava poglavlje \u201eInicijalni upitnik\u201c, o ispunjavanju inicijalnog upitnika i provo\u0111enju inicijalnog razgovora bit \u0107e naknadno obavije\u0161teni roditelji primljene djece.<\/p>\n<p>U periodu <strong>od 13. sije\u010dnja do 15. sije\u010dnja<\/strong> isklju\u010divo roditelji koji nemaju pristup sustavu e-Gra\u0111ani, svu potrebnu dokumentaciju donose u Vrti\u0107 (na adresu: V. Nazora 34a, Beli Manastir) gdje potpisuju suglasnost da vrti\u0107 ima pravo elektroni\u010dki obra\u0111ivati podatke njihova djeteta. Dokumentaciju potrebnu za upis djeteta u vrti\u0107 mo\u017eete donositi u navedenom periodu u vremenu <strong>od 9:00 do 14:00h<\/strong>.<\/p>\n<p>Potrebna dokumentacija:<\/p>\n<p style=\"padding-left: 40px;\">1. Preslika Izvoda iz mati\u010dne knjige ro\u0111enih ili Rodni list djeteta (bez obzira na datum izdavanja isprave)<br \/>\n2. Preslike osobnih iskaznica roditelja<br \/>\n3. Izjava o \u010dlanovima zajedni\u010dkog ku\u0107anstva \/<a href=\"http:\/\/www.dvcbm.hr\/wp-content\/uploads\/2023\/04\/Izjava-o-zajednickom-kucanstvu.pdf\">pdf<\/a>\/<br \/>\n4. Presliku knji\u017eice procijepljenosti djeteta ili kalendar cijepljenja<br \/>\n5. Dokaze o \u010dinjenicama bitnim za ostvarivanje prednosti pri upisu i utvr\u0111ivanju visine roditeljskog udjela u cijeni programa:<\/p>\n<p>&nbsp;<\/p>\n<table>\n<tbody>\n<tr>\n<td width=\"299\"><strong>Red prvenstva<\/strong><\/td>\n<td width=\"268\"><strong>Potrebna dokumentacija<\/strong><\/td>\n<\/tr>\n<tr>\n<td width=\"299\">Djeca oba zaposlena roditelja<\/p>\n<p>&nbsp;<\/td>\n<td width=\"268\">Potvrda poslodavca o zaposlenosti ne starija od dana objave Javnog poziva za upis<\/td>\n<\/tr>\n<tr>\n<td width=\"299\">Djeca samohranih roditelja<\/td>\n<td width=\"268\">Preslika rodnog lista djeteta<\/p>\n<p>Smrtni list ili izvadak iz matice umrlih za preminulog roditelja ili potvrda o nestanku drugog roditelja ili drugo uvjerenje nadle\u017enog tijela kojim se dokazuje da roditelj sam skrbi i uzdr\u017eava dijete<\/td>\n<\/tr>\n<tr>\n<td width=\"299\">Djeca roditelja \u017ertava i invalida Domovinskog rata<\/td>\n<td width=\"268\">Rje\u0161enje nadle\u017enog tijela o statusu invalida Domovinskog rata<\/td>\n<\/tr>\n<tr>\n<td width=\"299\">Djeca iz jednoroditeljskih obitelji<\/td>\n<td width=\"268\">Izvadak iz matice ro\u0111enih roditelja i presuda o razvodu braka ili odluka suda o povjeri djeteta na stanovanje ili izvje\u0161\u0107e o provedenom postupku obveznog savjetovanja pri Zavodu za socijalni rad ili drugi dokaz da drugi roditelj ne \u017eivi u zajedni\u010dkom ku\u0107anstvu<\/td>\n<\/tr>\n<tr>\n<td width=\"299\">Djeca s te\u0161ko\u0107ama u razvoju i kroni\u010dnim bolestima<\/td>\n<td width=\"268\">Nalaz i mi\u0161ljenje Zavoda za vje\u0161ta\u010denje, profesionalnu rehabilitaciju i zapo\u0161ljavanje osoba s invaliditetom ili Rje\u0161enje Zavoda za socijalni rad o postojanju te\u0161ko\u0107a u razvoju djeteta ili Potvrdu izabranog pedijatra<\/td>\n<\/tr>\n<tr>\n<td width=\"299\">Djeca iz obitelji s troje ili vi\u0161e malodobne djece<\/td>\n<td width=\"268\">Izvod iz matice ro\u0111enih ili rodni list za djecu mla\u0111u od 18 godina<\/td>\n<\/tr>\n<tr>\n<td width=\"299\">Djeca osoba s invaliditetom upisani u Registar osoba s invaliditetom<\/td>\n<td width=\"268\">Izvadak iz Registra osoba s invaliditetom<\/td>\n<\/tr>\n<tr>\n<td width=\"299\">Djeca iz udomiteljskih obitelji<\/td>\n<td width=\"268\">Rje\u0161enje Zavoda za socijalni rad<\/td>\n<\/tr>\n<tr>\n<td width=\"299\">Djeca roditelja koji primaju doplatak za djecu ili djeca roditelja korisnika zajam\u010dene minimalne naknade<\/td>\n<td width=\"268\">Rje\u0161enje Hrvatskog zavoda za mirovinsko osiguranje ili Rje\u0161enje Zavoda za socijalni rad<\/td>\n<\/tr>\n<tr>\n<td width=\"299\">Djeca iz obitelji s oba roditelja, jedan je zaposlen, a drugi nezaposlen<\/td>\n<td width=\"268\">Potvrda poslodavca o zaposlenosti i Potvrda o radnopravnom statusu Hrvatskog zavoda za mirovinsko osiguranje (za roditelja koji nije zaposlen) ne starije od dana objave Javnog poziva za upis<\/td>\n<\/tr>\n<tr>\n<td width=\"299\">Dijete \u010diji je brat\/sestra ve\u0107 upisan u tra\u017eenu ustanovu<\/td>\n<td width=\"268\">Preslika ugovora za ve\u0107 upisano dijete u tra\u017eenu ustanovu<\/td>\n<\/tr>\n<tr>\n<td width=\"299\">Djeca koja imaju pisanu preporuku stru\u010dnjaka (psiholog, logoped, edukacijski rehabilitator) za uklju\u010divanje u vrti\u0107<\/td>\n<td width=\"268\">Pisana preporuka, nalaz odre\u0111enog navedenog stru\u010dnjaka<\/td>\n<\/tr>\n<tr>\n<td width=\"299\">Djeca koja su prijavljena u sustav <em>e-Upisi<\/em>, a nisu upisana na prethodnom upisnom\u00a0 roku<\/td>\n<td width=\"268\">Fotografija prijave s portala <em>e-Upisi<\/em> ili drugi dokaz o podnesenoj prijavi<\/td>\n<\/tr>\n<tr>\n<td width=\"299\">Djeca zaposlenika Dje\u010djeg vrti\u0107a Cvr\u010dak Beli Manastir<\/td>\n<td width=\"268\">Potvrda poslodavca o zaposlenju<\/td>\n<\/tr>\n<tr>\n<td width=\"299\">Djeca hrvatskih branitelja<\/td>\n<td width=\"268\">Potvrda o priznatom statusu hrvatskog branitelja iz Domovinskog rata<\/td>\n<\/tr>\n<\/tbody>\n<\/table>\n<p>&nbsp;<\/p>\n<p>Za sva dodatna pitanja vezana uz naknadni upisni rok mo\u017eete nazvati broj <strong>031\/701-318 (svaki dan od 8:30 do 14:30h)<\/strong> ili se obratiti na e-mail adresu: <a href=\"mailto:pedagoginja@dvcbm.hr\">pedagoginja@dvcbm.hr<\/a> <strong>(upiti vezani za upise \u0161alju se isklju\u010divo na ovu e-mail adresu).<\/strong><\/p>\n<p><strong>KAPACITETI SLOBODNIH MJESTA ZA NAKNADNI UPISNI ROK U SIJE\u010cNJU<\/strong><\/p>\n<p style=\"padding-left: 40px;\">PODRU\u010cNI VRTI\u0106 \u0160E\u0106ERANA<br \/>\n1. Vrti\u0107ka odgojna skupina (djeca u dobi od 3 do 7 godina \u017eivota) \u2013 1 slobodno mjesto<\/p>\n<p style=\"padding-left: 40px;\">PODRU\u010cNI VRTI\u0106 BRANJIN VRH<br \/>\n1. Vrti\u0107ka odgojna skupina (djeca u dobi od 3 do 7 godina \u017eivota) \u2013 5 slobodnih mjesta<\/p>\n<p style=\"padding-left: 40px;\">PODRU\u010cNI VRTI\u0106 PETLOVAC<br \/>\n1. Vrti\u0107ka odgojna skupina (djeca u dobi od 3 do 7 godina \u017eivota) \u2013 8 slobodnih mjesta<\/p>\n","protected":false},"excerpt":{"rendered":"<p>U periodu od 10. sije\u010dnja 2025. do 17. sije\u010dnja 2025. godine (do 12 sati kada se aplikacija automatski zatvara) provodit \u0107e se online e-Upisi u Dje\u010dji vrti\u0107 Cvr\u010dak Beli Manastir. Portalu e-Upisi mo\u017eete pristupiti ovdje, odnosno putem sustava e-Gra\u0111ani. Roditelji trebaju imati pristup sustavu e-Gra\u0111ani, na koji se mogu prijaviti<span class=\"more-link\"><a href=\"https:\/\/www.dvcbm.hr\/?p=2663\">Vi\u0161e<\/a><\/span><\/p>\n","protected":false},"author":1,"featured_media":868,"comment_status":"closed","ping_status":"open","sticky":false,"template":"","format":"standard","meta":{"footnotes":""},"categories":[5,27],"tags":[],"class_list":["entry","author-admin","post-2663","post","type-post","status-publish","format-standard","has-post-thumbnail","category-obavijesti","category-upisi"],"yoast_head":"<!-- This site is optimized with the Yoast SEO plugin v27.5 - https:\/\/yoast.com\/product\/yoast-seo-wordpress\/ -->\n<title>Javni poziv za naknadni upisni rok u sije\u010dnju - Dje\u010dji vrti\u0107 Cvr\u010dak<\/title>\n<meta name=\"robots\" content=\"index, follow, max-snippet:-1, max-image-preview:large, max-video-preview:-1\" \/>\n<link rel=\"canonical\" href=\"http:\/\/www.dvcbm.hr\/?p=2663\" \/>\n<script type=\"application\/ld+json\" class=\"yoast-schema-graph\">{\"@context\":\"https:\\\/\\\/schema.org\",\"@graph\":[{\"@type\":\"Article\",\"@id\":\"http:\\\/\\\/www.dvcbm.hr\\\/?p=2663#article\",\"isPartOf\":{\"@id\":\"http:\\\/\\\/www.dvcbm.hr\\\/?p=2663\"},\"author\":{\"name\":\"admin\",\"@id\":\"http:\\\/\\\/www.dvcbm.hr\\\/#\\\/schema\\\/person\\\/8189a9eda7ba7054a70338e1a0f83d7d\"},\"headline\":\"Javni poziv za naknadni upisni rok u sije\u010dnju\",\"datePublished\":\"2024-12-31T09:50:56+00:00\",\"mainEntityOfPage\":{\"@id\":\"http:\\\/\\\/www.dvcbm.hr\\\/?p=2663\"},\"wordCount\":781,\"publisher\":{\"@id\":\"http:\\\/\\\/www.dvcbm.hr\\\/#organization\"},\"image\":{\"@id\":\"http:\\\/\\\/www.dvcbm.hr\\\/?p=2663#primaryimage\"},\"thumbnailUrl\":\"https:\\\/\\\/www.dvcbm.hr\\\/wp-content\\\/uploads\\\/2023\\\/04\\\/e-upisi-1.png\",\"articleSection\":[\"Obavijesti\",\"Upisi\"],\"inLanguage\":\"hr\"},{\"@type\":\"WebPage\",\"@id\":\"http:\\\/\\\/www.dvcbm.hr\\\/?p=2663\",\"url\":\"http:\\\/\\\/www.dvcbm.hr\\\/?p=2663\",\"name\":\"Javni poziv za naknadni upisni rok u sije\u010dnju - Dje\u010dji vrti\u0107 Cvr\u010dak\",\"isPartOf\":{\"@id\":\"http:\\\/\\\/www.dvcbm.hr\\\/#website\"},\"primaryImageOfPage\":{\"@id\":\"http:\\\/\\\/www.dvcbm.hr\\\/?p=2663#primaryimage\"},\"image\":{\"@id\":\"http:\\\/\\\/www.dvcbm.hr\\\/?p=2663#primaryimage\"},\"thumbnailUrl\":\"https:\\\/\\\/www.dvcbm.hr\\\/wp-content\\\/uploads\\\/2023\\\/04\\\/e-upisi-1.png\",\"datePublished\":\"2024-12-31T09:50:56+00:00\",\"breadcrumb\":{\"@id\":\"http:\\\/\\\/www.dvcbm.hr\\\/?p=2663#breadcrumb\"},\"inLanguage\":\"hr\",\"potentialAction\":[{\"@type\":\"ReadAction\",\"target\":[\"http:\\\/\\\/www.dvcbm.hr\\\/?p=2663\"]}]},{\"@type\":\"ImageObject\",\"inLanguage\":\"hr\",\"@id\":\"http:\\\/\\\/www.dvcbm.hr\\\/?p=2663#primaryimage\",\"url\":\"https:\\\/\\\/www.dvcbm.hr\\\/wp-content\\\/uploads\\\/2023\\\/04\\\/e-upisi-1.png\",\"contentUrl\":\"https:\\\/\\\/www.dvcbm.hr\\\/wp-content\\\/uploads\\\/2023\\\/04\\\/e-upisi-1.png\",\"width\":547,\"height\":366},{\"@type\":\"BreadcrumbList\",\"@id\":\"http:\\\/\\\/www.dvcbm.hr\\\/?p=2663#breadcrumb\",\"itemListElement\":[{\"@type\":\"ListItem\",\"position\":1,\"name\":\"Po\u010detna stranica\",\"item\":\"http:\\\/\\\/www.dvcbm.hr\\\/\"},{\"@type\":\"ListItem\",\"position\":2,\"name\":\"Javni poziv za naknadni upisni rok u sije\u010dnju\"}]},{\"@type\":\"WebSite\",\"@id\":\"http:\\\/\\\/www.dvcbm.hr\\\/#website\",\"url\":\"http:\\\/\\\/www.dvcbm.hr\\\/\",\"name\":\"Dje\u010dji vrti\u0107 Cvr\u010dak\",\"description\":\"Beli Manastir\",\"publisher\":{\"@id\":\"http:\\\/\\\/www.dvcbm.hr\\\/#organization\"},\"potentialAction\":[{\"@type\":\"SearchAction\",\"target\":{\"@type\":\"EntryPoint\",\"urlTemplate\":\"http:\\\/\\\/www.dvcbm.hr\\\/?s={search_term_string}\"},\"query-input\":{\"@type\":\"PropertyValueSpecification\",\"valueRequired\":true,\"valueName\":\"search_term_string\"}}],\"inLanguage\":\"hr\"},{\"@type\":\"Organization\",\"@id\":\"http:\\\/\\\/www.dvcbm.hr\\\/#organization\",\"name\":\"Dje\u010dji vrti\u0107 Cvr\u010dak\",\"url\":\"http:\\\/\\\/www.dvcbm.hr\\\/\",\"logo\":{\"@type\":\"ImageObject\",\"inLanguage\":\"hr\",\"@id\":\"http:\\\/\\\/www.dvcbm.hr\\\/#\\\/schema\\\/logo\\\/image\\\/\",\"url\":\"https:\\\/\\\/www.dvcbm.hr\\\/wp-content\\\/uploads\\\/2023\\\/02\\\/logowww-e1677439362399.jpg\",\"contentUrl\":\"https:\\\/\\\/www.dvcbm.hr\\\/wp-content\\\/uploads\\\/2023\\\/02\\\/logowww-e1677439362399.jpg\",\"width\":130,\"height\":116,\"caption\":\"Dje\u010dji vrti\u0107 Cvr\u010dak\"},\"image\":{\"@id\":\"http:\\\/\\\/www.dvcbm.hr\\\/#\\\/schema\\\/logo\\\/image\\\/\"}},{\"@type\":\"Person\",\"@id\":\"http:\\\/\\\/www.dvcbm.hr\\\/#\\\/schema\\\/person\\\/8189a9eda7ba7054a70338e1a0f83d7d\",\"name\":\"admin\",\"image\":{\"@type\":\"ImageObject\",\"inLanguage\":\"hr\",\"@id\":\"https:\\\/\\\/secure.gravatar.com\\\/avatar\\\/d9ff10c03b0c5f87c8058e6c4fc8ce451e5338093e19c5b1af4f59907d4e480b?s=96&d=mm&r=g\",\"url\":\"https:\\\/\\\/secure.gravatar.com\\\/avatar\\\/d9ff10c03b0c5f87c8058e6c4fc8ce451e5338093e19c5b1af4f59907d4e480b?s=96&d=mm&r=g\",\"contentUrl\":\"https:\\\/\\\/secure.gravatar.com\\\/avatar\\\/d9ff10c03b0c5f87c8058e6c4fc8ce451e5338093e19c5b1af4f59907d4e480b?s=96&d=mm&r=g\",\"caption\":\"admin\"},\"sameAs\":[\"http:\\\/\\\/www.dvcbm.hr\"],\"url\":\"https:\\\/\\\/www.dvcbm.hr\\\/?author=1\"}]}<\/script>\n<!-- \/ Yoast SEO plugin. -->","yoast_head_json":{"title":"Javni poziv za naknadni upisni rok u sije\u010dnju - Dje\u010dji vrti\u0107 Cvr\u010dak","robots":{"index":"index","follow":"follow","max-snippet":"max-snippet:-1","max-image-preview":"max-image-preview:large","max-video-preview":"max-video-preview:-1"},"canonical":"http:\/\/www.dvcbm.hr\/?p=2663","schema":{"@context":"https:\/\/schema.org","@graph":[{"@type":"Article","@id":"http:\/\/www.dvcbm.hr\/?p=2663#article","isPartOf":{"@id":"http:\/\/www.dvcbm.hr\/?p=2663"},"author":{"name":"admin","@id":"http:\/\/www.dvcbm.hr\/#\/schema\/person\/8189a9eda7ba7054a70338e1a0f83d7d"},"headline":"Javni poziv za naknadni upisni rok u sije\u010dnju","datePublished":"2024-12-31T09:50:56+00:00","mainEntityOfPage":{"@id":"http:\/\/www.dvcbm.hr\/?p=2663"},"wordCount":781,"publisher":{"@id":"http:\/\/www.dvcbm.hr\/#organization"},"image":{"@id":"http:\/\/www.dvcbm.hr\/?p=2663#primaryimage"},"thumbnailUrl":"https:\/\/www.dvcbm.hr\/wp-content\/uploads\/2023\/04\/e-upisi-1.png","articleSection":["Obavijesti","Upisi"],"inLanguage":"hr"},{"@type":"WebPage","@id":"http:\/\/www.dvcbm.hr\/?p=2663","url":"http:\/\/www.dvcbm.hr\/?p=2663","name":"Javni poziv za naknadni upisni rok u sije\u010dnju - Dje\u010dji vrti\u0107 Cvr\u010dak","isPartOf":{"@id":"http:\/\/www.dvcbm.hr\/#website"},"primaryImageOfPage":{"@id":"http:\/\/www.dvcbm.hr\/?p=2663#primaryimage"},"image":{"@id":"http:\/\/www.dvcbm.hr\/?p=2663#primaryimage"},"thumbnailUrl":"https:\/\/www.dvcbm.hr\/wp-content\/uploads\/2023\/04\/e-upisi-1.png","datePublished":"2024-12-31T09:50:56+00:00","breadcrumb":{"@id":"http:\/\/www.dvcbm.hr\/?p=2663#breadcrumb"},"inLanguage":"hr","potentialAction":[{"@type":"ReadAction","target":["http:\/\/www.dvcbm.hr\/?p=2663"]}]},{"@type":"ImageObject","inLanguage":"hr","@id":"http:\/\/www.dvcbm.hr\/?p=2663#primaryimage","url":"https:\/\/www.dvcbm.hr\/wp-content\/uploads\/2023\/04\/e-upisi-1.png","contentUrl":"https:\/\/www.dvcbm.hr\/wp-content\/uploads\/2023\/04\/e-upisi-1.png","width":547,"height":366},{"@type":"BreadcrumbList","@id":"http:\/\/www.dvcbm.hr\/?p=2663#breadcrumb","itemListElement":[{"@type":"ListItem","position":1,"name":"Po\u010detna stranica","item":"http:\/\/www.dvcbm.hr\/"},{"@type":"ListItem","position":2,"name":"Javni poziv za naknadni upisni rok u sije\u010dnju"}]},{"@type":"WebSite","@id":"http:\/\/www.dvcbm.hr\/#website","url":"http:\/\/www.dvcbm.hr\/","name":"Dje\u010dji vrti\u0107 Cvr\u010dak","description":"Beli Manastir","publisher":{"@id":"http:\/\/www.dvcbm.hr\/#organization"},"potentialAction":[{"@type":"SearchAction","target":{"@type":"EntryPoint","urlTemplate":"http:\/\/www.dvcbm.hr\/?s={search_term_string}"},"query-input":{"@type":"PropertyValueSpecification","valueRequired":true,"valueName":"search_term_string"}}],"inLanguage":"hr"},{"@type":"Organization","@id":"http:\/\/www.dvcbm.hr\/#organization","name":"Dje\u010dji vrti\u0107 Cvr\u010dak","url":"http:\/\/www.dvcbm.hr\/","logo":{"@type":"ImageObject","inLanguage":"hr","@id":"http:\/\/www.dvcbm.hr\/#\/schema\/logo\/image\/","url":"https:\/\/www.dvcbm.hr\/wp-content\/uploads\/2023\/02\/logowww-e1677439362399.jpg","contentUrl":"https:\/\/www.dvcbm.hr\/wp-content\/uploads\/2023\/02\/logowww-e1677439362399.jpg","width":130,"height":116,"caption":"Dje\u010dji vrti\u0107 Cvr\u010dak"},"image":{"@id":"http:\/\/www.dvcbm.hr\/#\/schema\/logo\/image\/"}},{"@type":"Person","@id":"http:\/\/www.dvcbm.hr\/#\/schema\/person\/8189a9eda7ba7054a70338e1a0f83d7d","name":"admin","image":{"@type":"ImageObject","inLanguage":"hr","@id":"https:\/\/secure.gravatar.com\/avatar\/d9ff10c03b0c5f87c8058e6c4fc8ce451e5338093e19c5b1af4f59907d4e480b?s=96&d=mm&r=g","url":"https:\/\/secure.gravatar.com\/avatar\/d9ff10c03b0c5f87c8058e6c4fc8ce451e5338093e19c5b1af4f59907d4e480b?s=96&d=mm&r=g","contentUrl":"https:\/\/secure.gravatar.com\/avatar\/d9ff10c03b0c5f87c8058e6c4fc8ce451e5338093e19c5b1af4f59907d4e480b?s=96&d=mm&r=g","caption":"admin"},"sameAs":["http:\/\/www.dvcbm.hr"],"url":"https:\/\/www.dvcbm.hr\/?author=1"}]}},"_links":{"self":[{"href":"https:\/\/www.dvcbm.hr\/index.php?rest_route=\/wp\/v2\/posts\/2663","targetHints":{"allow":["GET"]}}],"collection":[{"href":"https:\/\/www.dvcbm.hr\/index.php?rest_route=\/wp\/v2\/posts"}],"about":[{"href":"https:\/\/www.dvcbm.hr\/index.php?rest_route=\/wp\/v2\/types\/post"}],"author":[{"embeddable":true,"href":"https:\/\/www.dvcbm.hr\/index.php?rest_route=\/wp\/v2\/users\/1"}],"replies":[{"embeddable":true,"href":"https:\/\/www.dvcbm.hr\/index.php?rest_route=%2Fwp%2Fv2%2Fcomments&post=2663"}],"version-history":[{"count":0,"href":"https:\/\/www.dvcbm.hr\/index.php?rest_route=\/wp\/v2\/posts\/2663\/revisions"}],"wp:featuredmedia":[{"embeddable":true,"href":"https:\/\/www.dvcbm.hr\/index.php?rest_route=\/wp\/v2\/media\/868"}],"wp:attachment":[{"href":"https:\/\/www.dvcbm.hr\/index.php?rest_route=%2Fwp%2Fv2%2Fmedia&parent=2663"}],"wp:term":[{"taxonomy":"category","embeddable":true,"href":"https:\/\/www.dvcbm.hr\/index.php?rest_route=%2Fwp%2Fv2%2Fcategories&post=2663"},{"taxonomy":"post_tag","embeddable":true,"href":"https:\/\/www.dvcbm.hr\/index.php?rest_route=%2Fwp%2Fv2%2Ftags&post=2663"}],"curies":[{"name":"wp","href":"https:\/\/api.w.org\/{rel}","templated":true}]}}