{"id":1152,"date":"2023-08-30T17:33:40","date_gmt":"2023-08-30T17:33:40","guid":{"rendered":"http:\/\/www.dvcbm.hr\/?p=1152"},"modified":"2023-09-01T05:31:50","modified_gmt":"2023-09-01T05:31:50","slug":"polazak-u-vrtic-prilagodba","status":"publish","type":"post","link":"https:\/\/www.dvcbm.hr\/?p=1152","title":{"rendered":"Polazak u vrti\u0107 &#8211; prilagodba"},"content":{"rendered":"<p>Po\u0161tovani roditelji,<\/p>\n<p>upisom Va\u0161eg djeteta u Vrti\u0107 postajemo bliski suradnici u brizi o djetetu, te u odgoju i obrazovanju. Zajedni\u010dka nam je zada\u0107a osigurati sve uvjete potrebne za djetetovo zdravlje, sigurnost i optimalan razvoj, za njegovo slobodno, radosno, vedro djetinjstvo.<\/p>\n<p>Polaskom djeteta u vrti\u0107\/jaslice ono do\u017eivljava niz promjena \u2013 boravak u novom prostoru s nepoznatim odraslim osobama i djecom, druga\u010diji ritam dana, naru\u0161ena emocionalna sigurnost. Od djeteta se o\u010dekuje i niz prilagodbi:<\/p>\n<ul>\n<li>nepoznate osobe<\/li>\n<li>vi\u0161esatni boravak me\u0111u ve\u0107im brojem djece<\/li>\n<li>odvojenost od roditelja<\/li>\n<li>novi prostor i stvari koje ga okru\u017euju<\/li>\n<li>djelomi\u010dno razli\u010dit ritam ustajanja, spavanja, njege i hranjenja<\/li>\n<\/ul>\n<p>Svako dijete period prilagodbe prolazi na individualan na\u010din. U razdoblju privikavanja na boravak u vrti\u0107u pojedina djeca ne\u0107e pokazivati nikakve reakcije na promjenu sredine i novu okolinu, a druga \u0107e mo\u017eda svoju nelagodu izra\u017eavati vrlo burnim reakcijama i izra\u017eenim problemima na fiziolo\u0161kom (npr. problemi s hranom ili spavanjem) ili emocionalnom planu (npr. plakanje, frustracija, ljutnja, agresivnost). Odre\u0111ena razina nelagode smatra se normalnom i o\u010dekivanom za djetetovu dob i situaciju u kojoj se dijete na\u0161lo.<\/p>\n<p><strong>Reakcije na odvajanje mogu biti mnogobrojne i razlikuju se od djeteta do djeteta:<\/strong><\/p>\n<ol>\n<li><u> Emocionalne reakcije<\/u><\/li>\n<\/ol>\n<p>Pla\u010d pri odvajanju od roditelja. Kod neke djece mo\u017ee se javiti velika ljutnja i razdra\u017eljivost, koju pokazuju posebice kada do\u0111u doma iz vrti\u0107a. \u010cesto mla\u0111a djeca reagiraju burno. S druge strane, starija djeca \u0107e poslu\u0161no i uz mirnije reakcije u\u0107i u sobu dnevnog boravka u vrti\u0107u, ali \u0107e ve\u0107i dio dana \u0161utjeti i odbijati komunikaciju s odgojiteljicama ili ostalom djecom u skupini.<\/p>\n<ol start=\"2\">\n<li><u> Tjelesne reakcije <\/u><\/li>\n<\/ol>\n<p>Djeca mogu imati bolove u trbuhu, povra\u0107ati ili imati glavobolje. Neka djeca reagiraju regresijom u pona\u0161anju. Dijete koje je prohodalo opet pribjegava puzanju, dijete koje je nedavno uspostavilo kontrolu stolice, sada opet obavlja nu\u017edu u ga\u0107ice, ono koje je komuniciralo rije\u010dima sada opet pribjegava gestama i sl. Razlog takvog pona\u0161anja nije zaostajanje u razvoju. U \u017eelji da bude za\u0161ti\u0107eno, dijete bira ona pona\u0161anja koja mu nude ve\u0107u sigurnost. Takve promjene u pona\u0161anju su prolaznog karaktera.<\/p>\n<ol start=\"3\">\n<li><u> Pona\u0161ajne reakcije<\/u><\/li>\n<\/ol>\n<p>Kada emocije isplivaju na povr\u0161inu, djeca se mogu pona\u0161ati na razli\u010dite na\u010dine: plakati, vri\u0161tati, udarati, odbijati svaki kontakt, aktivnosti, jelo, spavanje. Mogu biti pasivni promatra\u010di, dr\u017eati se svoje drage igra\u010dke ili dude i biti mirni u nekom zaba\u010denom kutku.<br \/>\nOvakve reakcije se javljaju odmah nakon odvajanja i traju onoliko koliko djetetu treba da se prilagodi na novu situaciju. Kod pojedine djece reakcije se mogu javiti odgo\u0111eno i to ba\u0161 kada pomislite da se dijete lako prilagodilo. Trenutak rastanka je krizni trenutak i ve\u0107ina se djece nakon \u0161to roditelj ode primiri i zaigra. Dijete zapravo tek nakon \u0161to pro\u0111e tjedan \u2013 dva u vrti\u0107u, shvati da je odlazak svakodnevni i tada po\u010dinje reagirati. Te \u0107e reakcije nestati kada se dijete prilagodi novoj sredini, tj. kada se bude osje\u0107alo sigurno.<\/p>\n<p><strong>Kako biste Vi i Va\u0161e dijete od prvog dana \u0161to lak\u0161e prebrodili po\u010detni stres zbog odvajanja, va\u017eno je podsjetiti se na nekoliko stvari:<\/strong><\/p>\n<ul>\n<li>Kod prvog dolaska poka\u017eite povjerenje, radoznalost i veselje \u0161to se nalazite u novom prostoru i uz nove osobe, kako bi se i va\u0161e dijete osje\u0107alo sigurnije i slobodnije<\/li>\n<li>Razgovor s odgojiteljem o svemu \u0161to \u017eelite saznati ili vas brine mo\u017eete dogovoriti u vrijeme kada odgojitelji nisu u skupini s djecom<\/li>\n<li>Prilikom odvajanja pazite da to odvajanje bude kratko \u2013 mirno se pozdravite s djetetom i recite mu kada \u0107ete do\u0107i po njega, te do\u0111ite u dogovoreno vrijeme (dogovorite se s odgojiteljima koje je to vrijeme). Nakon \u0161to ste se pozdravili s djetetom nemojte se vra\u0107ati na vrata sobe ako dijete pla\u010de, time \u0107ete mu ote\u017eati odvajanje.<\/li>\n<li>Mo\u017eete biti sigurni da je va\u0161e dijete na sigurnom mjestu s prije svega educiranim odgojiteljima<\/li>\n<li>Mo\u017eete o\u010dekivati da \u0107ete o svim va\u017enim doga\u0111ajima i aspektima razvoja va\u0161eg djeteta biti kvalitetno i pravovremeno informirani<\/li>\n<li>Mo\u017eete o\u010dekivati stru\u010dnu pomo\u0107 u svakodnevnom no\u0161enju s izazovima odrastanja va\u0161eg djeteta<\/li>\n<\/ul>\n<p><strong>Kao posljednje, ali ne i manje va\u017eno podsje\u0107amo Vas \u0161to je potrebno za prvi dan polaska u vrti\u0107:<\/strong><\/p>\n<ul>\n<li>\u010da\u0161a ili bo\u010dica (za djecu jasli\u010dke dobi)<\/li>\n<li>preobu\u0107a<\/li>\n<li>pid\u017eama (ukoliko dijete spava u vrti\u0107u)<\/li>\n<li>rezervna odje\u0107a<\/li>\n<li>pelene, vla\u017ene maramice i krema (za djecu koja nose pelene)<\/li>\n<\/ul>\n<p>O svemu ostalom odgojiteljice \u0107e Vas naknadno i na vrijeme obavijestiti.<\/p>\n<p>&nbsp;<\/p>\n<p>ZAJEDNI\u010cKOM SURADNJOM RODITELJA I VRTI\u0106A DIJETE \u0106E USPJE\u0160NO PRO\u0106I PRILAGODBU!<\/p>\n<p>&nbsp;<\/p>\n<p>&nbsp;<\/p>\n<p>Monika Den\u0161a, pedagoginja<\/p>\n<div style=\"margin-top: 0px; margin-bottom: 0px;\" class=\"sharethis-inline-share-buttons\" ><\/div>","protected":false},"excerpt":{"rendered":"<p>Po\u0161tovani roditelji, upisom Va\u0161eg djeteta u Vrti\u0107 postajemo bliski suradnici u brizi o djetetu, te u odgoju i obrazovanju. Zajedni\u010dka nam je zada\u0107a osigurati sve uvjete potrebne za djetetovo zdravlje, sigurnost i optimalan razvoj, za njegovo slobodno, radosno, vedro djetinjstvo. Polaskom djeteta u vrti\u0107\/jaslice ono do\u017eivljava niz promjena \u2013 boravak<span class=\"more-link\"><a href=\"https:\/\/www.dvcbm.hr\/?p=1152\">Vi\u0161e<\/a><\/span><\/p>\n","protected":false},"author":1,"featured_media":706,"comment_status":"closed","ping_status":"open","sticky":false,"template":"","format":"standard","meta":{"footnotes":""},"categories":[5],"tags":[],"class_list":["entry","author-admin","post-1152","post","type-post","status-publish","format-standard","has-post-thumbnail","category-obavijesti"],"yoast_head":"<!-- This site is optimized with the Yoast SEO plugin v27.5 - https:\/\/yoast.com\/product\/yoast-seo-wordpress\/ -->\n<title>Polazak u vrti\u0107 - prilagodba - Dje\u010dji vrti\u0107 Cvr\u010dak<\/title>\n<meta name=\"robots\" content=\"index, follow, max-snippet:-1, max-image-preview:large, max-video-preview:-1\" \/>\n<link rel=\"canonical\" href=\"http:\/\/www.dvcbm.hr\/?p=1152\" \/>\n<script type=\"application\/ld+json\" class=\"yoast-schema-graph\">{\"@context\":\"https:\\\/\\\/schema.org\",\"@graph\":[{\"@type\":\"Article\",\"@id\":\"http:\\\/\\\/www.dvcbm.hr\\\/?p=1152#article\",\"isPartOf\":{\"@id\":\"http:\\\/\\\/www.dvcbm.hr\\\/?p=1152\"},\"author\":{\"name\":\"admin\",\"@id\":\"http:\\\/\\\/www.dvcbm.hr\\\/#\\\/schema\\\/person\\\/8189a9eda7ba7054a70338e1a0f83d7d\"},\"headline\":\"Polazak u vrti\u0107 &#8211; prilagodba\",\"datePublished\":\"2023-08-30T17:33:40+00:00\",\"dateModified\":\"2023-09-01T05:31:50+00:00\",\"mainEntityOfPage\":{\"@id\":\"http:\\\/\\\/www.dvcbm.hr\\\/?p=1152\"},\"wordCount\":804,\"publisher\":{\"@id\":\"http:\\\/\\\/www.dvcbm.hr\\\/#organization\"},\"image\":{\"@id\":\"http:\\\/\\\/www.dvcbm.hr\\\/?p=1152#primaryimage\"},\"thumbnailUrl\":\"https:\\\/\\\/www.dvcbm.hr\\\/wp-content\\\/uploads\\\/2022\\\/12\\\/group-children-colored-t-shirts-sitting-table-with-raised-hands-1024.jpg\",\"articleSection\":[\"Obavijesti\"],\"inLanguage\":\"hr\"},{\"@type\":\"WebPage\",\"@id\":\"http:\\\/\\\/www.dvcbm.hr\\\/?p=1152\",\"url\":\"http:\\\/\\\/www.dvcbm.hr\\\/?p=1152\",\"name\":\"Polazak u vrti\u0107 - prilagodba - Dje\u010dji vrti\u0107 Cvr\u010dak\",\"isPartOf\":{\"@id\":\"http:\\\/\\\/www.dvcbm.hr\\\/#website\"},\"primaryImageOfPage\":{\"@id\":\"http:\\\/\\\/www.dvcbm.hr\\\/?p=1152#primaryimage\"},\"image\":{\"@id\":\"http:\\\/\\\/www.dvcbm.hr\\\/?p=1152#primaryimage\"},\"thumbnailUrl\":\"https:\\\/\\\/www.dvcbm.hr\\\/wp-content\\\/uploads\\\/2022\\\/12\\\/group-children-colored-t-shirts-sitting-table-with-raised-hands-1024.jpg\",\"datePublished\":\"2023-08-30T17:33:40+00:00\",\"dateModified\":\"2023-09-01T05:31:50+00:00\",\"breadcrumb\":{\"@id\":\"http:\\\/\\\/www.dvcbm.hr\\\/?p=1152#breadcrumb\"},\"inLanguage\":\"hr\",\"potentialAction\":[{\"@type\":\"ReadAction\",\"target\":[\"http:\\\/\\\/www.dvcbm.hr\\\/?p=1152\"]}]},{\"@type\":\"ImageObject\",\"inLanguage\":\"hr\",\"@id\":\"http:\\\/\\\/www.dvcbm.hr\\\/?p=1152#primaryimage\",\"url\":\"https:\\\/\\\/www.dvcbm.hr\\\/wp-content\\\/uploads\\\/2022\\\/12\\\/group-children-colored-t-shirts-sitting-table-with-raised-hands-1024.jpg\",\"contentUrl\":\"https:\\\/\\\/www.dvcbm.hr\\\/wp-content\\\/uploads\\\/2022\\\/12\\\/group-children-colored-t-shirts-sitting-table-with-raised-hands-1024.jpg\",\"width\":1024,\"height\":633,\"caption\":\"Group of children in colored t-shirts sitting at a table with raised hands.\"},{\"@type\":\"BreadcrumbList\",\"@id\":\"http:\\\/\\\/www.dvcbm.hr\\\/?p=1152#breadcrumb\",\"itemListElement\":[{\"@type\":\"ListItem\",\"position\":1,\"name\":\"Po\u010detna stranica\",\"item\":\"http:\\\/\\\/www.dvcbm.hr\\\/\"},{\"@type\":\"ListItem\",\"position\":2,\"name\":\"Polazak u vrti\u0107 &#8211; prilagodba\"}]},{\"@type\":\"WebSite\",\"@id\":\"http:\\\/\\\/www.dvcbm.hr\\\/#website\",\"url\":\"http:\\\/\\\/www.dvcbm.hr\\\/\",\"name\":\"Dje\u010dji vrti\u0107 Cvr\u010dak\",\"description\":\"Beli Manastir\",\"publisher\":{\"@id\":\"http:\\\/\\\/www.dvcbm.hr\\\/#organization\"},\"potentialAction\":[{\"@type\":\"SearchAction\",\"target\":{\"@type\":\"EntryPoint\",\"urlTemplate\":\"http:\\\/\\\/www.dvcbm.hr\\\/?s={search_term_string}\"},\"query-input\":{\"@type\":\"PropertyValueSpecification\",\"valueRequired\":true,\"valueName\":\"search_term_string\"}}],\"inLanguage\":\"hr\"},{\"@type\":\"Organization\",\"@id\":\"http:\\\/\\\/www.dvcbm.hr\\\/#organization\",\"name\":\"Dje\u010dji vrti\u0107 Cvr\u010dak\",\"url\":\"http:\\\/\\\/www.dvcbm.hr\\\/\",\"logo\":{\"@type\":\"ImageObject\",\"inLanguage\":\"hr\",\"@id\":\"http:\\\/\\\/www.dvcbm.hr\\\/#\\\/schema\\\/logo\\\/image\\\/\",\"url\":\"https:\\\/\\\/www.dvcbm.hr\\\/wp-content\\\/uploads\\\/2023\\\/02\\\/logowww-e1677439362399.jpg\",\"contentUrl\":\"https:\\\/\\\/www.dvcbm.hr\\\/wp-content\\\/uploads\\\/2023\\\/02\\\/logowww-e1677439362399.jpg\",\"width\":130,\"height\":116,\"caption\":\"Dje\u010dji vrti\u0107 Cvr\u010dak\"},\"image\":{\"@id\":\"http:\\\/\\\/www.dvcbm.hr\\\/#\\\/schema\\\/logo\\\/image\\\/\"}},{\"@type\":\"Person\",\"@id\":\"http:\\\/\\\/www.dvcbm.hr\\\/#\\\/schema\\\/person\\\/8189a9eda7ba7054a70338e1a0f83d7d\",\"name\":\"admin\",\"image\":{\"@type\":\"ImageObject\",\"inLanguage\":\"hr\",\"@id\":\"https:\\\/\\\/secure.gravatar.com\\\/avatar\\\/d9ff10c03b0c5f87c8058e6c4fc8ce451e5338093e19c5b1af4f59907d4e480b?s=96&d=mm&r=g\",\"url\":\"https:\\\/\\\/secure.gravatar.com\\\/avatar\\\/d9ff10c03b0c5f87c8058e6c4fc8ce451e5338093e19c5b1af4f59907d4e480b?s=96&d=mm&r=g\",\"contentUrl\":\"https:\\\/\\\/secure.gravatar.com\\\/avatar\\\/d9ff10c03b0c5f87c8058e6c4fc8ce451e5338093e19c5b1af4f59907d4e480b?s=96&d=mm&r=g\",\"caption\":\"admin\"},\"sameAs\":[\"http:\\\/\\\/www.dvcbm.hr\"],\"url\":\"https:\\\/\\\/www.dvcbm.hr\\\/?author=1\"}]}<\/script>\n<!-- \/ Yoast SEO plugin. -->","yoast_head_json":{"title":"Polazak u vrti\u0107 - prilagodba - Dje\u010dji vrti\u0107 Cvr\u010dak","robots":{"index":"index","follow":"follow","max-snippet":"max-snippet:-1","max-image-preview":"max-image-preview:large","max-video-preview":"max-video-preview:-1"},"canonical":"http:\/\/www.dvcbm.hr\/?p=1152","schema":{"@context":"https:\/\/schema.org","@graph":[{"@type":"Article","@id":"http:\/\/www.dvcbm.hr\/?p=1152#article","isPartOf":{"@id":"http:\/\/www.dvcbm.hr\/?p=1152"},"author":{"name":"admin","@id":"http:\/\/www.dvcbm.hr\/#\/schema\/person\/8189a9eda7ba7054a70338e1a0f83d7d"},"headline":"Polazak u vrti\u0107 &#8211; prilagodba","datePublished":"2023-08-30T17:33:40+00:00","dateModified":"2023-09-01T05:31:50+00:00","mainEntityOfPage":{"@id":"http:\/\/www.dvcbm.hr\/?p=1152"},"wordCount":804,"publisher":{"@id":"http:\/\/www.dvcbm.hr\/#organization"},"image":{"@id":"http:\/\/www.dvcbm.hr\/?p=1152#primaryimage"},"thumbnailUrl":"https:\/\/www.dvcbm.hr\/wp-content\/uploads\/2022\/12\/group-children-colored-t-shirts-sitting-table-with-raised-hands-1024.jpg","articleSection":["Obavijesti"],"inLanguage":"hr"},{"@type":"WebPage","@id":"http:\/\/www.dvcbm.hr\/?p=1152","url":"http:\/\/www.dvcbm.hr\/?p=1152","name":"Polazak u vrti\u0107 - prilagodba - Dje\u010dji vrti\u0107 Cvr\u010dak","isPartOf":{"@id":"http:\/\/www.dvcbm.hr\/#website"},"primaryImageOfPage":{"@id":"http:\/\/www.dvcbm.hr\/?p=1152#primaryimage"},"image":{"@id":"http:\/\/www.dvcbm.hr\/?p=1152#primaryimage"},"thumbnailUrl":"https:\/\/www.dvcbm.hr\/wp-content\/uploads\/2022\/12\/group-children-colored-t-shirts-sitting-table-with-raised-hands-1024.jpg","datePublished":"2023-08-30T17:33:40+00:00","dateModified":"2023-09-01T05:31:50+00:00","breadcrumb":{"@id":"http:\/\/www.dvcbm.hr\/?p=1152#breadcrumb"},"inLanguage":"hr","potentialAction":[{"@type":"ReadAction","target":["http:\/\/www.dvcbm.hr\/?p=1152"]}]},{"@type":"ImageObject","inLanguage":"hr","@id":"http:\/\/www.dvcbm.hr\/?p=1152#primaryimage","url":"https:\/\/www.dvcbm.hr\/wp-content\/uploads\/2022\/12\/group-children-colored-t-shirts-sitting-table-with-raised-hands-1024.jpg","contentUrl":"https:\/\/www.dvcbm.hr\/wp-content\/uploads\/2022\/12\/group-children-colored-t-shirts-sitting-table-with-raised-hands-1024.jpg","width":1024,"height":633,"caption":"Group of children in colored t-shirts sitting at a table with raised hands."},{"@type":"BreadcrumbList","@id":"http:\/\/www.dvcbm.hr\/?p=1152#breadcrumb","itemListElement":[{"@type":"ListItem","position":1,"name":"Po\u010detna stranica","item":"http:\/\/www.dvcbm.hr\/"},{"@type":"ListItem","position":2,"name":"Polazak u vrti\u0107 &#8211; prilagodba"}]},{"@type":"WebSite","@id":"http:\/\/www.dvcbm.hr\/#website","url":"http:\/\/www.dvcbm.hr\/","name":"Dje\u010dji vrti\u0107 Cvr\u010dak","description":"Beli Manastir","publisher":{"@id":"http:\/\/www.dvcbm.hr\/#organization"},"potentialAction":[{"@type":"SearchAction","target":{"@type":"EntryPoint","urlTemplate":"http:\/\/www.dvcbm.hr\/?s={search_term_string}"},"query-input":{"@type":"PropertyValueSpecification","valueRequired":true,"valueName":"search_term_string"}}],"inLanguage":"hr"},{"@type":"Organization","@id":"http:\/\/www.dvcbm.hr\/#organization","name":"Dje\u010dji vrti\u0107 Cvr\u010dak","url":"http:\/\/www.dvcbm.hr\/","logo":{"@type":"ImageObject","inLanguage":"hr","@id":"http:\/\/www.dvcbm.hr\/#\/schema\/logo\/image\/","url":"https:\/\/www.dvcbm.hr\/wp-content\/uploads\/2023\/02\/logowww-e1677439362399.jpg","contentUrl":"https:\/\/www.dvcbm.hr\/wp-content\/uploads\/2023\/02\/logowww-e1677439362399.jpg","width":130,"height":116,"caption":"Dje\u010dji vrti\u0107 Cvr\u010dak"},"image":{"@id":"http:\/\/www.dvcbm.hr\/#\/schema\/logo\/image\/"}},{"@type":"Person","@id":"http:\/\/www.dvcbm.hr\/#\/schema\/person\/8189a9eda7ba7054a70338e1a0f83d7d","name":"admin","image":{"@type":"ImageObject","inLanguage":"hr","@id":"https:\/\/secure.gravatar.com\/avatar\/d9ff10c03b0c5f87c8058e6c4fc8ce451e5338093e19c5b1af4f59907d4e480b?s=96&d=mm&r=g","url":"https:\/\/secure.gravatar.com\/avatar\/d9ff10c03b0c5f87c8058e6c4fc8ce451e5338093e19c5b1af4f59907d4e480b?s=96&d=mm&r=g","contentUrl":"https:\/\/secure.gravatar.com\/avatar\/d9ff10c03b0c5f87c8058e6c4fc8ce451e5338093e19c5b1af4f59907d4e480b?s=96&d=mm&r=g","caption":"admin"},"sameAs":["http:\/\/www.dvcbm.hr"],"url":"https:\/\/www.dvcbm.hr\/?author=1"}]}},"_links":{"self":[{"href":"https:\/\/www.dvcbm.hr\/index.php?rest_route=\/wp\/v2\/posts\/1152","targetHints":{"allow":["GET"]}}],"collection":[{"href":"https:\/\/www.dvcbm.hr\/index.php?rest_route=\/wp\/v2\/posts"}],"about":[{"href":"https:\/\/www.dvcbm.hr\/index.php?rest_route=\/wp\/v2\/types\/post"}],"author":[{"embeddable":true,"href":"https:\/\/www.dvcbm.hr\/index.php?rest_route=\/wp\/v2\/users\/1"}],"replies":[{"embeddable":true,"href":"https:\/\/www.dvcbm.hr\/index.php?rest_route=%2Fwp%2Fv2%2Fcomments&post=1152"}],"version-history":[{"count":0,"href":"https:\/\/www.dvcbm.hr\/index.php?rest_route=\/wp\/v2\/posts\/1152\/revisions"}],"wp:featuredmedia":[{"embeddable":true,"href":"https:\/\/www.dvcbm.hr\/index.php?rest_route=\/wp\/v2\/media\/706"}],"wp:attachment":[{"href":"https:\/\/www.dvcbm.hr\/index.php?rest_route=%2Fwp%2Fv2%2Fmedia&parent=1152"}],"wp:term":[{"taxonomy":"category","embeddable":true,"href":"https:\/\/www.dvcbm.hr\/index.php?rest_route=%2Fwp%2Fv2%2Fcategories&post=1152"},{"taxonomy":"post_tag","embeddable":true,"href":"https:\/\/www.dvcbm.hr\/index.php?rest_route=%2Fwp%2Fv2%2Ftags&post=1152"}],"curies":[{"name":"wp","href":"https:\/\/api.w.org\/{rel}","templated":true}]}}