{"id":3233,"date":"2025-10-17T11:32:24","date_gmt":"2025-10-17T11:32:24","guid":{"rendered":"https:\/\/www.dvcbm.hr\/?p=3233"},"modified":"2025-10-19T11:34:23","modified_gmt":"2025-10-19T11:34:23","slug":"obavijest-o-izboru-kandidata-po-natjecaju-za-radno-mjesto-odgojitelj-dva-izvrsitelja-na-odredeno-puno-radno-vrijeme","status":"publish","type":"post","link":"http:\/\/www.dvcbm.hr\/?p=3233","title":{"rendered":"Obavijest o izboru kandidata po natje\u010daju za radno mjesto odgojitelj, dva izvr\u0161itelja na odre\u0111eno puno radno vrijeme\u00a0"},"content":{"rendered":"<p>Obavje\u0161tavamo Vas da je po natje\u010daju objavljenom 1. listopada 2025. godine za radno mjesto odgojitelj, dva izvr\u0161itelja na odre\u0111eno puno radno vrijeme, Upravno vije\u0107e Dje\u010djeg vrti\u0107a Cvr\u010dak Beli Manastir na 14. telefonskoj sjednici odr\u017eanoj 17. listopada 2025. godine donijelo Odluku o izboru kandidata:<\/p>\n<ol>\n<li>Nikolina Radmani\u0107 iz Belog Manastira<\/li>\n<li>Sara \u0160pon iz Belog Manastira<\/li>\n<\/ol>\n<p>Objavom ove obavijesti na mre\u017enim stranicama Dje\u010djeg vrti\u0107a Cvr\u010dak Beli Manastir smatra se da su svi kandidati obavije\u0161teni o rezultatima izbora po raspisanom natje\u010daju te im se pojedina\u010dne obavijesti ne\u0107e dostavljati.<\/p>\n<p>Preuzimanja<\/p>\n<ul>\n<li>Obavijest o izboru kandidata &#8211; odgojitelj\u00a0 \/<a href=\"http:\/\/www.dvcbm.hr\/wp-content\/uploads\/2025\/10\/Obavijest-o-izboru-kandidata-odgojitelj-17.10.2025.pdf\">pdf<\/a>\/<\/li>\n<\/ul>\n","protected":false},"excerpt":{"rendered":"<p>Obavje\u0161tavamo Vas da je po natje\u010daju objavljenom 1. listopada 2025. godine za radno mjesto odgojitelj, dva izvr\u0161itelja na odre\u0111eno puno radno vrijeme, Upravno vije\u0107e Dje\u010djeg vrti\u0107a Cvr\u010dak Beli Manastir na 14. telefonskoj sjednici odr\u017eanoj 17. listopada 2025. godine donijelo Odluku o izboru kandidata: Nikolina Radmani\u0107 iz Belog Manastira Sara \u0160pon<span class=\"more-link\"><a href=\"http:\/\/www.dvcbm.hr\/?p=3233\">Vi\u0161e<\/a><\/span><\/p>\n","protected":false},"author":1,"featured_media":0,"comment_status":"closed","ping_status":"open","sticky":false,"template":"","format":"standard","meta":{"footnotes":""},"categories":[4],"tags":[],"class_list":["entry","author-admin","post-3233","post","type-post","status-publish","format-standard","category-natjecaji"],"yoast_head":"<!-- This site is optimized with the Yoast SEO plugin v27.5 - https:\/\/yoast.com\/product\/yoast-seo-wordpress\/ -->\n<title>Obavijest o izboru kandidata po natje\u010daju za radno mjesto odgojitelj, dva izvr\u0161itelja na odre\u0111eno puno radno vrijeme\u00a0 - Dje\u010dji vrti\u0107 Cvr\u010dak<\/title>\n<meta name=\"robots\" content=\"index, follow, max-snippet:-1, max-image-preview:large, max-video-preview:-1\" \/>\n<link rel=\"canonical\" href=\"http:\/\/www.dvcbm.hr\/?p=3233\" \/>\n<script type=\"application\/ld+json\" class=\"yoast-schema-graph\">{\"@context\":\"https:\\\/\\\/schema.org\",\"@graph\":[{\"@type\":\"Article\",\"@id\":\"http:\\\/\\\/www.dvcbm.hr\\\/?p=3233#article\",\"isPartOf\":{\"@id\":\"http:\\\/\\\/www.dvcbm.hr\\\/?p=3233\"},\"author\":{\"name\":\"admin\",\"@id\":\"http:\\\/\\\/www.dvcbm.hr\\\/#\\\/schema\\\/person\\\/8189a9eda7ba7054a70338e1a0f83d7d\"},\"headline\":\"Obavijest o izboru kandidata po natje\u010daju za radno mjesto odgojitelj, dva izvr\u0161itelja na odre\u0111eno puno radno vrijeme\u00a0\",\"datePublished\":\"2025-10-17T11:32:24+00:00\",\"dateModified\":\"2025-10-19T11:34:23+00:00\",\"mainEntityOfPage\":{\"@id\":\"http:\\\/\\\/www.dvcbm.hr\\\/?p=3233\"},\"wordCount\":124,\"publisher\":{\"@id\":\"http:\\\/\\\/www.dvcbm.hr\\\/#organization\"},\"articleSection\":[\"Natje\u010daji\"],\"inLanguage\":\"hr\"},{\"@type\":\"WebPage\",\"@id\":\"http:\\\/\\\/www.dvcbm.hr\\\/?p=3233\",\"url\":\"http:\\\/\\\/www.dvcbm.hr\\\/?p=3233\",\"name\":\"Obavijest o izboru kandidata po natje\u010daju za radno mjesto odgojitelj, dva izvr\u0161itelja na odre\u0111eno puno radno vrijeme\u00a0 - Dje\u010dji vrti\u0107 Cvr\u010dak\",\"isPartOf\":{\"@id\":\"http:\\\/\\\/www.dvcbm.hr\\\/#website\"},\"datePublished\":\"2025-10-17T11:32:24+00:00\",\"dateModified\":\"2025-10-19T11:34:23+00:00\",\"breadcrumb\":{\"@id\":\"http:\\\/\\\/www.dvcbm.hr\\\/?p=3233#breadcrumb\"},\"inLanguage\":\"hr\",\"potentialAction\":[{\"@type\":\"ReadAction\",\"target\":[\"http:\\\/\\\/www.dvcbm.hr\\\/?p=3233\"]}]},{\"@type\":\"BreadcrumbList\",\"@id\":\"http:\\\/\\\/www.dvcbm.hr\\\/?p=3233#breadcrumb\",\"itemListElement\":[{\"@type\":\"ListItem\",\"position\":1,\"name\":\"Po\u010detna stranica\",\"item\":\"http:\\\/\\\/www.dvcbm.hr\\\/\"},{\"@type\":\"ListItem\",\"position\":2,\"name\":\"Obavijest o izboru kandidata po natje\u010daju za radno mjesto odgojitelj, dva izvr\u0161itelja na odre\u0111eno puno radno vrijeme\u00a0\"}]},{\"@type\":\"WebSite\",\"@id\":\"http:\\\/\\\/www.dvcbm.hr\\\/#website\",\"url\":\"http:\\\/\\\/www.dvcbm.hr\\\/\",\"name\":\"Dje\u010dji vrti\u0107 Cvr\u010dak\",\"description\":\"Beli Manastir\",\"publisher\":{\"@id\":\"http:\\\/\\\/www.dvcbm.hr\\\/#organization\"},\"potentialAction\":[{\"@type\":\"SearchAction\",\"target\":{\"@type\":\"EntryPoint\",\"urlTemplate\":\"http:\\\/\\\/www.dvcbm.hr\\\/?s={search_term_string}\"},\"query-input\":{\"@type\":\"PropertyValueSpecification\",\"valueRequired\":true,\"valueName\":\"search_term_string\"}}],\"inLanguage\":\"hr\"},{\"@type\":\"Organization\",\"@id\":\"http:\\\/\\\/www.dvcbm.hr\\\/#organization\",\"name\":\"Dje\u010dji vrti\u0107 Cvr\u010dak\",\"url\":\"http:\\\/\\\/www.dvcbm.hr\\\/\",\"logo\":{\"@type\":\"ImageObject\",\"inLanguage\":\"hr\",\"@id\":\"http:\\\/\\\/www.dvcbm.hr\\\/#\\\/schema\\\/logo\\\/image\\\/\",\"url\":\"http:\\\/\\\/www.dvcbm.hr\\\/wp-content\\\/uploads\\\/2023\\\/02\\\/logowww-e1677439362399.jpg\",\"contentUrl\":\"http:\\\/\\\/www.dvcbm.hr\\\/wp-content\\\/uploads\\\/2023\\\/02\\\/logowww-e1677439362399.jpg\",\"width\":130,\"height\":116,\"caption\":\"Dje\u010dji vrti\u0107 Cvr\u010dak\"},\"image\":{\"@id\":\"http:\\\/\\\/www.dvcbm.hr\\\/#\\\/schema\\\/logo\\\/image\\\/\"}},{\"@type\":\"Person\",\"@id\":\"http:\\\/\\\/www.dvcbm.hr\\\/#\\\/schema\\\/person\\\/8189a9eda7ba7054a70338e1a0f83d7d\",\"name\":\"admin\",\"image\":{\"@type\":\"ImageObject\",\"inLanguage\":\"hr\",\"@id\":\"https:\\\/\\\/secure.gravatar.com\\\/avatar\\\/d9ff10c03b0c5f87c8058e6c4fc8ce451e5338093e19c5b1af4f59907d4e480b?s=96&d=mm&r=g\",\"url\":\"https:\\\/\\\/secure.gravatar.com\\\/avatar\\\/d9ff10c03b0c5f87c8058e6c4fc8ce451e5338093e19c5b1af4f59907d4e480b?s=96&d=mm&r=g\",\"contentUrl\":\"https:\\\/\\\/secure.gravatar.com\\\/avatar\\\/d9ff10c03b0c5f87c8058e6c4fc8ce451e5338093e19c5b1af4f59907d4e480b?s=96&d=mm&r=g\",\"caption\":\"admin\"},\"sameAs\":[\"http:\\\/\\\/www.dvcbm.hr\"],\"url\":\"http:\\\/\\\/www.dvcbm.hr\\\/?author=1\"}]}<\/script>\n<!-- \/ Yoast SEO plugin. -->","yoast_head_json":{"title":"Obavijest o izboru kandidata po natje\u010daju za radno mjesto odgojitelj, dva izvr\u0161itelja na odre\u0111eno puno radno vrijeme\u00a0 - Dje\u010dji vrti\u0107 Cvr\u010dak","robots":{"index":"index","follow":"follow","max-snippet":"max-snippet:-1","max-image-preview":"max-image-preview:large","max-video-preview":"max-video-preview:-1"},"canonical":"http:\/\/www.dvcbm.hr\/?p=3233","schema":{"@context":"https:\/\/schema.org","@graph":[{"@type":"Article","@id":"http:\/\/www.dvcbm.hr\/?p=3233#article","isPartOf":{"@id":"http:\/\/www.dvcbm.hr\/?p=3233"},"author":{"name":"admin","@id":"http:\/\/www.dvcbm.hr\/#\/schema\/person\/8189a9eda7ba7054a70338e1a0f83d7d"},"headline":"Obavijest o izboru kandidata po natje\u010daju za radno mjesto odgojitelj, dva izvr\u0161itelja na odre\u0111eno puno radno vrijeme\u00a0","datePublished":"2025-10-17T11:32:24+00:00","dateModified":"2025-10-19T11:34:23+00:00","mainEntityOfPage":{"@id":"http:\/\/www.dvcbm.hr\/?p=3233"},"wordCount":124,"publisher":{"@id":"http:\/\/www.dvcbm.hr\/#organization"},"articleSection":["Natje\u010daji"],"inLanguage":"hr"},{"@type":"WebPage","@id":"http:\/\/www.dvcbm.hr\/?p=3233","url":"http:\/\/www.dvcbm.hr\/?p=3233","name":"Obavijest o izboru kandidata po natje\u010daju za radno mjesto odgojitelj, dva izvr\u0161itelja na odre\u0111eno puno radno vrijeme\u00a0 - Dje\u010dji vrti\u0107 Cvr\u010dak","isPartOf":{"@id":"http:\/\/www.dvcbm.hr\/#website"},"datePublished":"2025-10-17T11:32:24+00:00","dateModified":"2025-10-19T11:34:23+00:00","breadcrumb":{"@id":"http:\/\/www.dvcbm.hr\/?p=3233#breadcrumb"},"inLanguage":"hr","potentialAction":[{"@type":"ReadAction","target":["http:\/\/www.dvcbm.hr\/?p=3233"]}]},{"@type":"BreadcrumbList","@id":"http:\/\/www.dvcbm.hr\/?p=3233#breadcrumb","itemListElement":[{"@type":"ListItem","position":1,"name":"Po\u010detna stranica","item":"http:\/\/www.dvcbm.hr\/"},{"@type":"ListItem","position":2,"name":"Obavijest o izboru kandidata po natje\u010daju za radno mjesto odgojitelj, dva izvr\u0161itelja na odre\u0111eno puno radno vrijeme\u00a0"}]},{"@type":"WebSite","@id":"http:\/\/www.dvcbm.hr\/#website","url":"http:\/\/www.dvcbm.hr\/","name":"Dje\u010dji vrti\u0107 Cvr\u010dak","description":"Beli Manastir","publisher":{"@id":"http:\/\/www.dvcbm.hr\/#organization"},"potentialAction":[{"@type":"SearchAction","target":{"@type":"EntryPoint","urlTemplate":"http:\/\/www.dvcbm.hr\/?s={search_term_string}"},"query-input":{"@type":"PropertyValueSpecification","valueRequired":true,"valueName":"search_term_string"}}],"inLanguage":"hr"},{"@type":"Organization","@id":"http:\/\/www.dvcbm.hr\/#organization","name":"Dje\u010dji vrti\u0107 Cvr\u010dak","url":"http:\/\/www.dvcbm.hr\/","logo":{"@type":"ImageObject","inLanguage":"hr","@id":"http:\/\/www.dvcbm.hr\/#\/schema\/logo\/image\/","url":"http:\/\/www.dvcbm.hr\/wp-content\/uploads\/2023\/02\/logowww-e1677439362399.jpg","contentUrl":"http:\/\/www.dvcbm.hr\/wp-content\/uploads\/2023\/02\/logowww-e1677439362399.jpg","width":130,"height":116,"caption":"Dje\u010dji vrti\u0107 Cvr\u010dak"},"image":{"@id":"http:\/\/www.dvcbm.hr\/#\/schema\/logo\/image\/"}},{"@type":"Person","@id":"http:\/\/www.dvcbm.hr\/#\/schema\/person\/8189a9eda7ba7054a70338e1a0f83d7d","name":"admin","image":{"@type":"ImageObject","inLanguage":"hr","@id":"https:\/\/secure.gravatar.com\/avatar\/d9ff10c03b0c5f87c8058e6c4fc8ce451e5338093e19c5b1af4f59907d4e480b?s=96&d=mm&r=g","url":"https:\/\/secure.gravatar.com\/avatar\/d9ff10c03b0c5f87c8058e6c4fc8ce451e5338093e19c5b1af4f59907d4e480b?s=96&d=mm&r=g","contentUrl":"https:\/\/secure.gravatar.com\/avatar\/d9ff10c03b0c5f87c8058e6c4fc8ce451e5338093e19c5b1af4f59907d4e480b?s=96&d=mm&r=g","caption":"admin"},"sameAs":["http:\/\/www.dvcbm.hr"],"url":"http:\/\/www.dvcbm.hr\/?author=1"}]}},"_links":{"self":[{"href":"http:\/\/www.dvcbm.hr\/index.php?rest_route=\/wp\/v2\/posts\/3233","targetHints":{"allow":["GET"]}}],"collection":[{"href":"http:\/\/www.dvcbm.hr\/index.php?rest_route=\/wp\/v2\/posts"}],"about":[{"href":"http:\/\/www.dvcbm.hr\/index.php?rest_route=\/wp\/v2\/types\/post"}],"author":[{"embeddable":true,"href":"http:\/\/www.dvcbm.hr\/index.php?rest_route=\/wp\/v2\/users\/1"}],"replies":[{"embeddable":true,"href":"http:\/\/www.dvcbm.hr\/index.php?rest_route=%2Fwp%2Fv2%2Fcomments&post=3233"}],"version-history":[{"count":0,"href":"http:\/\/www.dvcbm.hr\/index.php?rest_route=\/wp\/v2\/posts\/3233\/revisions"}],"wp:attachment":[{"href":"http:\/\/www.dvcbm.hr\/index.php?rest_route=%2Fwp%2Fv2%2Fmedia&parent=3233"}],"wp:term":[{"taxonomy":"category","embeddable":true,"href":"http:\/\/www.dvcbm.hr\/index.php?rest_route=%2Fwp%2Fv2%2Fcategories&post=3233"},{"taxonomy":"post_tag","embeddable":true,"href":"http:\/\/www.dvcbm.hr\/index.php?rest_route=%2Fwp%2Fv2%2Ftags&post=3233"}],"curies":[{"name":"wp","href":"https:\/\/api.w.org\/{rel}","templated":true}]}}