{"id":2873,"date":"2025-04-09T04:23:59","date_gmt":"2025-04-09T04:23:59","guid":{"rendered":"https:\/\/www.dvcbm.hr\/?p=2873"},"modified":"2025-04-14T04:29:19","modified_gmt":"2025-04-14T04:29:19","slug":"tjedan-zdravlja-2","status":"publish","type":"post","link":"http:\/\/www.dvcbm.hr\/?p=2873","title":{"rendered":"Tjedan zdravlja"},"content":{"rendered":"<p>Uo\u010di Svjetskog dana zdravlja koji se svake godine obilje\u017eava\u00a0 07. travnja, proslavili smo 5. Tjedan zdravlja u vrti\u0107u. Tema ovogodi\u0161njeg tjedna zdravlja bila je tjelesna aktivnost. Tjedan je bio\u00a0 posve\u0107en kretanju te smo u\u010dili o brzini, koordinaciji, preciznosti, fleksibilnosti i ravnote\u017ei. U aktivnostima su sudjelovala djeca od jasli\u010dkog do pred\u0161kolskog uzrasta u mati\u010dnom i svim podru\u010dnim objektima.\u00a0 U \u017eelji da ove aktivnosti ne ostanu samo u vrti\u0107u ve\u0107 da se pro\u0161ire u Va\u0161e domove, po prvi puta smo imali Obiteljski izazov koji su roditelji odli\u010dno prihvatili.<\/p>\n<p>U nastavku mo\u017eete vidjeti fotografije kako je to izgledalo.<\/p>\n\t<!-- Gallery Engine Assets -->\r\n\t<style>\r\n\t\t#image_gallery_wrap_2874 {\r\n            --ig-gutter: 8px;\r\n            --ig-cols-lg: 6;\r\n            --ig-cols-md: 4;\r\n            --ig-cols-sm: 3;\r\n            --ig-cols-xs: 2;\r\n            \r\n            \/* Dynamic Border Variables *\/\r\n                        --ig-radius: 8px;\r\n            --ig-card-radius: 8px;\r\n            --ig-card-padding: 8px;\r\n\r\n\r\n        }\r\n\t<\/style>\r\n        <div id=\"image_gallery_wrap_2874\" \r\n        class=\"ig-gallery-outer-wrap ig-layout-masonry\" \r\n        data-layout=\"masonry\" \r\n        data-lb-loop=\"0\" \r\n        data-lb-label=\"Image %1 of %2\"\r\n        data-version=\"2.0.1\">\r\n\r\n    <div id=\"image_gallery_2874\" \n         class=\"ig-row igp-gallery all-images_2874\">\n        <div class=\"grid-sizer\"><\/div>\n                        <div class=\"ig-col single-image igp-item ig-col-lg-2 ig-col-md-3 ig-col-sm-4 ig-col-6\" data-index=\"0\">\n            <div class=\"ig-image-card igp-card ig-has-card-border hvr-glow\">\n                                    <a class=\"ig-lightbox-item\" href=\"http:\/\/www.dvcbm.hr\/wp-content\/uploads\/2025\/04\/Leptirici-Tjedan-zdravlja.jpg\" data-lightbox=\"ig-gallery-2874\" data-title=\"Leptiri\u0107i \u2013 Tjedan zdravlja\" data-width=\"1600\" data-height=\"1205\">\n                                    \n\n\n                    <div class=\"ig-image-container\">\n                        <img loading=\"lazy\" decoding=\"async\" width=\"150\" height=\"150\" src=\"http:\/\/www.dvcbm.hr\/wp-content\/uploads\/2025\/04\/Leptirici-Tjedan-zdravlja-150x150.jpg\" class=\"ig-thumbnail loading\" alt=\"Leptiri\u0107i \u2013 Tjedan zdravlja\" \/>                        \n                                            <\/div>\n\n\n\n                                    <\/a>\n                            <\/div>\n\n        <\/div>\n                        <div class=\"ig-col single-image igp-item ig-col-lg-2 ig-col-md-3 ig-col-sm-4 ig-col-6\" data-index=\"1\">\n            <div class=\"ig-image-card igp-card ig-has-card-border hvr-glow\">\n                                    <a class=\"ig-lightbox-item\" href=\"http:\/\/www.dvcbm.hr\/wp-content\/uploads\/2025\/04\/Krijesnice-Tjedan-zdravlja.jpg\" data-lightbox=\"ig-gallery-2874\" data-title=\"Krijesnice \u2013 Tjedan zdravlja\" data-width=\"1200\" data-height=\"1600\">\n                                    \n\n\n                    <div class=\"ig-image-container\">\n                        <img loading=\"lazy\" decoding=\"async\" width=\"150\" height=\"150\" src=\"http:\/\/www.dvcbm.hr\/wp-content\/uploads\/2025\/04\/Krijesnice-Tjedan-zdravlja-150x150.jpg\" class=\"ig-thumbnail loading\" alt=\"Krijesnice \u2013 Tjedan zdravlja\" \/>                        \n                                            <\/div>\n\n\n\n                                    <\/a>\n                            <\/div>\n\n        <\/div>\n                        <div class=\"ig-col single-image igp-item ig-col-lg-2 ig-col-md-3 ig-col-sm-4 ig-col-6\" data-index=\"2\">\n            <div class=\"ig-image-card igp-card ig-has-card-border hvr-glow\">\n                                    <a class=\"ig-lightbox-item\" href=\"http:\/\/www.dvcbm.hr\/wp-content\/uploads\/2025\/04\/Baloncici-Tjedan-zdravlja.jpg\" data-lightbox=\"ig-gallery-2874\" data-title=\"Balon\u010di\u0107i \u2013 Tjedan zdravlja\" data-width=\"1385\" data-height=\"1039\">\n                                    \n\n\n                    <div class=\"ig-image-container\">\n                        <img loading=\"lazy\" decoding=\"async\" width=\"150\" height=\"150\" src=\"http:\/\/www.dvcbm.hr\/wp-content\/uploads\/2025\/04\/Baloncici-Tjedan-zdravlja-150x150.jpg\" class=\"ig-thumbnail loading\" alt=\"Balon\u010di\u0107i \u2013 Tjedan zdravlja\" \/>                        \n                                            <\/div>\n\n\n\n                                    <\/a>\n                            <\/div>\n\n        <\/div>\n                        <div class=\"ig-col single-image igp-item ig-col-lg-2 ig-col-md-3 ig-col-sm-4 ig-col-6\" data-index=\"3\">\n            <div class=\"ig-image-card igp-card ig-has-card-border hvr-glow\">\n                                    <a class=\"ig-lightbox-item\" href=\"http:\/\/www.dvcbm.hr\/wp-content\/uploads\/2025\/04\/Zvjezdice-Tjedan-zdravlja.jpg\" data-lightbox=\"ig-gallery-2874\" data-title=\"Zvjezdice \u2013 Tjedan zdravlja\" data-width=\"1355\" data-height=\"1800\">\n                                    \n\n\n                    <div class=\"ig-image-container\">\n                        <img loading=\"lazy\" decoding=\"async\" width=\"150\" height=\"150\" src=\"http:\/\/www.dvcbm.hr\/wp-content\/uploads\/2025\/04\/Zvjezdice-Tjedan-zdravlja-150x150.jpg\" class=\"ig-thumbnail loading\" alt=\"Zvjezdice \u2013 Tjedan zdravlja\" \/>                        \n                                            <\/div>\n\n\n\n                                    <\/a>\n                            <\/div>\n\n        <\/div>\n                        <div class=\"ig-col single-image igp-item ig-col-lg-2 ig-col-md-3 ig-col-sm-4 ig-col-6\" data-index=\"4\">\n            <div class=\"ig-image-card igp-card ig-has-card-border hvr-glow\">\n                                    <a class=\"ig-lightbox-item\" href=\"http:\/\/www.dvcbm.hr\/wp-content\/uploads\/2025\/04\/Loptice-Tjedan-zdravlja.jpg\" data-lightbox=\"ig-gallery-2874\" data-title=\"Loptice \u2013 Tjedan zdravlja\" data-width=\"1205\" data-height=\"1600\">\n                                    \n\n\n                    <div class=\"ig-image-container\">\n                        <img loading=\"lazy\" decoding=\"async\" width=\"150\" height=\"150\" src=\"http:\/\/www.dvcbm.hr\/wp-content\/uploads\/2025\/04\/Loptice-Tjedan-zdravlja-150x150.jpg\" class=\"ig-thumbnail loading\" alt=\"Loptice \u2013 Tjedan zdravlja\" \/>                        \n                                            <\/div>\n\n\n\n                                    <\/a>\n                            <\/div>\n\n        <\/div>\n                        <div class=\"ig-col single-image igp-item ig-col-lg-2 ig-col-md-3 ig-col-sm-4 ig-col-6\" data-index=\"5\">\n            <div class=\"ig-image-card igp-card ig-has-card-border hvr-glow\">\n                                    <a class=\"ig-lightbox-item\" href=\"http:\/\/www.dvcbm.hr\/wp-content\/uploads\/2025\/04\/Pano-Tjedan-zdravlja.png\" data-lightbox=\"ig-gallery-2874\" data-title=\"Pano \u2013 Tjedan zdravlja\" data-width=\"1600\" data-height=\"1200\">\n                                    \n\n\n                    <div class=\"ig-image-container\">\n                        <img loading=\"lazy\" decoding=\"async\" width=\"150\" height=\"150\" src=\"http:\/\/www.dvcbm.hr\/wp-content\/uploads\/2025\/04\/Pano-Tjedan-zdravlja-150x150.png\" class=\"ig-thumbnail loading\" alt=\"Pano \u2013 Tjedan zdravlja\" \/>                        \n                                            <\/div>\n\n\n\n                                    <\/a>\n                            <\/div>\n\n        <\/div>\n                        <div class=\"ig-col single-image igp-item ig-col-lg-2 ig-col-md-3 ig-col-sm-4 ig-col-6\" data-index=\"6\">\n            <div class=\"ig-image-card igp-card ig-has-card-border hvr-glow\">\n                                    <a class=\"ig-lightbox-item\" href=\"http:\/\/www.dvcbm.hr\/wp-content\/uploads\/2025\/04\/Bubamare-Tjedan-zdravlja.jpg\" data-lightbox=\"ig-gallery-2874\" data-title=\"Bubamare \u2013 Tjedan zdravlja\" data-width=\"1600\" data-height=\"1600\">\n                                    \n\n\n                    <div class=\"ig-image-container\">\n                        <img loading=\"lazy\" decoding=\"async\" width=\"150\" height=\"150\" src=\"http:\/\/www.dvcbm.hr\/wp-content\/uploads\/2025\/04\/Bubamare-Tjedan-zdravlja-150x150.jpg\" class=\"ig-thumbnail loading\" alt=\"Bubamare \u2013 Tjedan zdravlja\" \/>                        \n                                            <\/div>\n\n\n\n                                    <\/a>\n                            <\/div>\n\n        <\/div>\n                        <div class=\"ig-col single-image igp-item ig-col-lg-2 ig-col-md-3 ig-col-sm-4 ig-col-6\" data-index=\"7\">\n            <div class=\"ig-image-card igp-card ig-has-card-border hvr-glow\">\n                                    <a class=\"ig-lightbox-item\" href=\"http:\/\/www.dvcbm.hr\/wp-content\/uploads\/2025\/04\/Pcelice-Tjedan-zdravlja.jpg\" data-lightbox=\"ig-gallery-2874\" data-title=\"P\u010delice \u2013 Tjedan zdravlja\" data-width=\"1600\" data-height=\"1186\">\n                                    \n\n\n                    <div class=\"ig-image-container\">\n                        <img loading=\"lazy\" decoding=\"async\" width=\"150\" height=\"150\" src=\"http:\/\/www.dvcbm.hr\/wp-content\/uploads\/2025\/04\/Pcelice-Tjedan-zdravlja-150x150.jpg\" class=\"ig-thumbnail loading\" alt=\"P\u010delice \u2013 Tjedan zdravlja\" \/>                        \n                                            <\/div>\n\n\n\n                                    <\/a>\n                            <\/div>\n\n        <\/div>\n                        <div class=\"ig-col single-image igp-item ig-col-lg-2 ig-col-md-3 ig-col-sm-4 ig-col-6\" data-index=\"8\">\n            <div class=\"ig-image-card igp-card ig-has-card-border hvr-glow\">\n                                    <a class=\"ig-lightbox-item\" href=\"http:\/\/www.dvcbm.hr\/wp-content\/uploads\/2025\/04\/Zecici-Tjedan-zdravlja.jpg\" data-lightbox=\"ig-gallery-2874\" data-title=\"Ze\u010di\u0107i \u2013 Tjedan zdravlja\" data-width=\"1200\" data-height=\"1600\">\n                                    \n\n\n                    <div class=\"ig-image-container\">\n                        <img loading=\"lazy\" decoding=\"async\" width=\"150\" height=\"150\" src=\"http:\/\/www.dvcbm.hr\/wp-content\/uploads\/2025\/04\/Zecici-Tjedan-zdravlja-150x150.jpg\" class=\"ig-thumbnail loading\" alt=\"Ze\u010di\u0107i \u2013 Tjedan zdravlja\" \/>                        \n                                            <\/div>\n\n\n\n                                    <\/a>\n                            <\/div>\n\n        <\/div>\n                        <div class=\"ig-col single-image igp-item ig-col-lg-2 ig-col-md-3 ig-col-sm-4 ig-col-6\" data-index=\"9\">\n            <div class=\"ig-image-card igp-card ig-has-card-border hvr-glow\">\n                                    <a class=\"ig-lightbox-item\" href=\"http:\/\/www.dvcbm.hr\/wp-content\/uploads\/2025\/04\/Puzici-Tjedan-zdravlja.png\" data-lightbox=\"ig-gallery-2874\" data-title=\"Pu\u017ei\u0107i \u2013 Tjedan zdravlja\" data-width=\"591\" data-height=\"686\">\n                                    \n\n\n                    <div class=\"ig-image-container\">\n                        <img loading=\"lazy\" decoding=\"async\" width=\"150\" height=\"150\" src=\"http:\/\/www.dvcbm.hr\/wp-content\/uploads\/2025\/04\/Puzici-Tjedan-zdravlja-150x150.png\" class=\"ig-thumbnail loading\" alt=\"Pu\u017ei\u0107i \u2013 Tjedan zdravlja\" \/>                        \n                                            <\/div>\n\n\n\n                                    <\/a>\n                            <\/div>\n\n        <\/div>\n                        <div class=\"ig-col single-image igp-item ig-col-lg-2 ig-col-md-3 ig-col-sm-4 ig-col-6\" data-index=\"10\">\n            <div class=\"ig-image-card igp-card ig-has-card-border hvr-glow\">\n                                    <a class=\"ig-lightbox-item\" href=\"http:\/\/www.dvcbm.hr\/wp-content\/uploads\/2025\/04\/Tratincice-i-Misici-Tjedan-zdravlja.png\" data-lightbox=\"ig-gallery-2874\" data-title=\"Tratin\u010dice i Mi\u0161i\u0107i \u2013 Tjedan zdravlja\" data-width=\"449\" data-height=\"689\">\n                                    \n\n\n                    <div class=\"ig-image-container\">\n                        <img loading=\"lazy\" decoding=\"async\" width=\"150\" height=\"150\" src=\"http:\/\/www.dvcbm.hr\/wp-content\/uploads\/2025\/04\/Tratincice-i-Misici-Tjedan-zdravlja-150x150.png\" class=\"ig-thumbnail loading\" alt=\"Tratin\u010dice i Mi\u0161i\u0107i \u2013 Tjedan zdravlja\" \/>                        \n                                            <\/div>\n\n\n\n                                    <\/a>\n                            <\/div>\n\n        <\/div>\n                        <div class=\"ig-col single-image igp-item ig-col-lg-2 ig-col-md-3 ig-col-sm-4 ig-col-6\" data-index=\"11\">\n            <div class=\"ig-image-card igp-card ig-has-card-border hvr-glow\">\n                                    <a class=\"ig-lightbox-item\" href=\"http:\/\/www.dvcbm.hr\/wp-content\/uploads\/2025\/04\/Sovice-Tjedan-zdravlja2.png\" data-lightbox=\"ig-gallery-2874\" data-title=\"Sovice \u2013 Tjedan zdravlja2\" data-width=\"603\" data-height=\"452\">\n                                    \n\n\n                    <div class=\"ig-image-container\">\n                        <img loading=\"lazy\" decoding=\"async\" width=\"150\" height=\"150\" src=\"http:\/\/www.dvcbm.hr\/wp-content\/uploads\/2025\/04\/Sovice-Tjedan-zdravlja2-150x150.png\" class=\"ig-thumbnail loading\" alt=\"Sovice \u2013 Tjedan zdravlja2\" \/>                        \n                                            <\/div>\n\n\n\n                                    <\/a>\n                            <\/div>\n\n        <\/div>\n            <\/div>\n\n\n\n        <\/div>\n","protected":false},"excerpt":{"rendered":"<p>Uo\u010di Svjetskog dana zdravlja koji se svake godine obilje\u017eava\u00a0 07. travnja, proslavili smo 5. Tjedan zdravlja u vrti\u0107u. Tema ovogodi\u0161njeg tjedna zdravlja bila je tjelesna aktivnost. Tjedan je bio\u00a0 posve\u0107en kretanju te smo u\u010dili o brzini, koordinaciji, preciznosti, fleksibilnosti i ravnote\u017ei. U aktivnostima su sudjelovala djeca od jasli\u010dkog do pred\u0161kolskog<span class=\"more-link\"><a href=\"http:\/\/www.dvcbm.hr\/?p=2873\">Vi\u0161e<\/a><\/span><\/p>\n","protected":false},"author":1,"featured_media":0,"comment_status":"closed","ping_status":"open","sticky":false,"template":"","format":"standard","meta":{"footnotes":""},"categories":[2],"tags":[],"class_list":["entry","author-admin","post-2873","post","type-post","status-publish","format-standard","category-aktivnosti"],"yoast_head":"<!-- This site is optimized with the Yoast SEO plugin v27.5 - https:\/\/yoast.com\/product\/yoast-seo-wordpress\/ -->\n<title>Tjedan zdravlja - Dje\u010dji vrti\u0107 Cvr\u010dak<\/title>\n<meta name=\"robots\" content=\"index, follow, max-snippet:-1, max-image-preview:large, max-video-preview:-1\" \/>\n<link rel=\"canonical\" href=\"http:\/\/www.dvcbm.hr\/?p=2873\" \/>\n<script type=\"application\/ld+json\" class=\"yoast-schema-graph\">{\"@context\":\"https:\\\/\\\/schema.org\",\"@graph\":[{\"@type\":\"Article\",\"@id\":\"http:\\\/\\\/www.dvcbm.hr\\\/?p=2873#article\",\"isPartOf\":{\"@id\":\"http:\\\/\\\/www.dvcbm.hr\\\/?p=2873\"},\"author\":{\"name\":\"admin\",\"@id\":\"http:\\\/\\\/www.dvcbm.hr\\\/#\\\/schema\\\/person\\\/8189a9eda7ba7054a70338e1a0f83d7d\"},\"headline\":\"Tjedan zdravlja\",\"datePublished\":\"2025-04-09T04:23:59+00:00\",\"dateModified\":\"2025-04-14T04:29:19+00:00\",\"mainEntityOfPage\":{\"@id\":\"http:\\\/\\\/www.dvcbm.hr\\\/?p=2873\"},\"wordCount\":113,\"publisher\":{\"@id\":\"http:\\\/\\\/www.dvcbm.hr\\\/#organization\"},\"articleSection\":[\"Aktivnosti\"],\"inLanguage\":\"hr\"},{\"@type\":\"WebPage\",\"@id\":\"http:\\\/\\\/www.dvcbm.hr\\\/?p=2873\",\"url\":\"http:\\\/\\\/www.dvcbm.hr\\\/?p=2873\",\"name\":\"Tjedan zdravlja - Dje\u010dji vrti\u0107 Cvr\u010dak\",\"isPartOf\":{\"@id\":\"http:\\\/\\\/www.dvcbm.hr\\\/#website\"},\"datePublished\":\"2025-04-09T04:23:59+00:00\",\"dateModified\":\"2025-04-14T04:29:19+00:00\",\"breadcrumb\":{\"@id\":\"http:\\\/\\\/www.dvcbm.hr\\\/?p=2873#breadcrumb\"},\"inLanguage\":\"hr\",\"potentialAction\":[{\"@type\":\"ReadAction\",\"target\":[\"http:\\\/\\\/www.dvcbm.hr\\\/?p=2873\"]}]},{\"@type\":\"BreadcrumbList\",\"@id\":\"http:\\\/\\\/www.dvcbm.hr\\\/?p=2873#breadcrumb\",\"itemListElement\":[{\"@type\":\"ListItem\",\"position\":1,\"name\":\"Po\u010detna stranica\",\"item\":\"http:\\\/\\\/www.dvcbm.hr\\\/\"},{\"@type\":\"ListItem\",\"position\":2,\"name\":\"Tjedan zdravlja\"}]},{\"@type\":\"WebSite\",\"@id\":\"http:\\\/\\\/www.dvcbm.hr\\\/#website\",\"url\":\"http:\\\/\\\/www.dvcbm.hr\\\/\",\"name\":\"Dje\u010dji vrti\u0107 Cvr\u010dak\",\"description\":\"Beli Manastir\",\"publisher\":{\"@id\":\"http:\\\/\\\/www.dvcbm.hr\\\/#organization\"},\"potentialAction\":[{\"@type\":\"SearchAction\",\"target\":{\"@type\":\"EntryPoint\",\"urlTemplate\":\"http:\\\/\\\/www.dvcbm.hr\\\/?s={search_term_string}\"},\"query-input\":{\"@type\":\"PropertyValueSpecification\",\"valueRequired\":true,\"valueName\":\"search_term_string\"}}],\"inLanguage\":\"hr\"},{\"@type\":\"Organization\",\"@id\":\"http:\\\/\\\/www.dvcbm.hr\\\/#organization\",\"name\":\"Dje\u010dji vrti\u0107 Cvr\u010dak\",\"url\":\"http:\\\/\\\/www.dvcbm.hr\\\/\",\"logo\":{\"@type\":\"ImageObject\",\"inLanguage\":\"hr\",\"@id\":\"http:\\\/\\\/www.dvcbm.hr\\\/#\\\/schema\\\/logo\\\/image\\\/\",\"url\":\"http:\\\/\\\/www.dvcbm.hr\\\/wp-content\\\/uploads\\\/2023\\\/02\\\/logowww-e1677439362399.jpg\",\"contentUrl\":\"http:\\\/\\\/www.dvcbm.hr\\\/wp-content\\\/uploads\\\/2023\\\/02\\\/logowww-e1677439362399.jpg\",\"width\":130,\"height\":116,\"caption\":\"Dje\u010dji vrti\u0107 Cvr\u010dak\"},\"image\":{\"@id\":\"http:\\\/\\\/www.dvcbm.hr\\\/#\\\/schema\\\/logo\\\/image\\\/\"}},{\"@type\":\"Person\",\"@id\":\"http:\\\/\\\/www.dvcbm.hr\\\/#\\\/schema\\\/person\\\/8189a9eda7ba7054a70338e1a0f83d7d\",\"name\":\"admin\",\"image\":{\"@type\":\"ImageObject\",\"inLanguage\":\"hr\",\"@id\":\"https:\\\/\\\/secure.gravatar.com\\\/avatar\\\/d9ff10c03b0c5f87c8058e6c4fc8ce451e5338093e19c5b1af4f59907d4e480b?s=96&d=mm&r=g\",\"url\":\"https:\\\/\\\/secure.gravatar.com\\\/avatar\\\/d9ff10c03b0c5f87c8058e6c4fc8ce451e5338093e19c5b1af4f59907d4e480b?s=96&d=mm&r=g\",\"contentUrl\":\"https:\\\/\\\/secure.gravatar.com\\\/avatar\\\/d9ff10c03b0c5f87c8058e6c4fc8ce451e5338093e19c5b1af4f59907d4e480b?s=96&d=mm&r=g\",\"caption\":\"admin\"},\"sameAs\":[\"http:\\\/\\\/www.dvcbm.hr\"],\"url\":\"http:\\\/\\\/www.dvcbm.hr\\\/?author=1\"}]}<\/script>\n<!-- \/ Yoast SEO plugin. -->","yoast_head_json":{"title":"Tjedan zdravlja - Dje\u010dji vrti\u0107 Cvr\u010dak","robots":{"index":"index","follow":"follow","max-snippet":"max-snippet:-1","max-image-preview":"max-image-preview:large","max-video-preview":"max-video-preview:-1"},"canonical":"http:\/\/www.dvcbm.hr\/?p=2873","schema":{"@context":"https:\/\/schema.org","@graph":[{"@type":"Article","@id":"http:\/\/www.dvcbm.hr\/?p=2873#article","isPartOf":{"@id":"http:\/\/www.dvcbm.hr\/?p=2873"},"author":{"name":"admin","@id":"http:\/\/www.dvcbm.hr\/#\/schema\/person\/8189a9eda7ba7054a70338e1a0f83d7d"},"headline":"Tjedan zdravlja","datePublished":"2025-04-09T04:23:59+00:00","dateModified":"2025-04-14T04:29:19+00:00","mainEntityOfPage":{"@id":"http:\/\/www.dvcbm.hr\/?p=2873"},"wordCount":113,"publisher":{"@id":"http:\/\/www.dvcbm.hr\/#organization"},"articleSection":["Aktivnosti"],"inLanguage":"hr"},{"@type":"WebPage","@id":"http:\/\/www.dvcbm.hr\/?p=2873","url":"http:\/\/www.dvcbm.hr\/?p=2873","name":"Tjedan zdravlja - Dje\u010dji vrti\u0107 Cvr\u010dak","isPartOf":{"@id":"http:\/\/www.dvcbm.hr\/#website"},"datePublished":"2025-04-09T04:23:59+00:00","dateModified":"2025-04-14T04:29:19+00:00","breadcrumb":{"@id":"http:\/\/www.dvcbm.hr\/?p=2873#breadcrumb"},"inLanguage":"hr","potentialAction":[{"@type":"ReadAction","target":["http:\/\/www.dvcbm.hr\/?p=2873"]}]},{"@type":"BreadcrumbList","@id":"http:\/\/www.dvcbm.hr\/?p=2873#breadcrumb","itemListElement":[{"@type":"ListItem","position":1,"name":"Po\u010detna stranica","item":"http:\/\/www.dvcbm.hr\/"},{"@type":"ListItem","position":2,"name":"Tjedan zdravlja"}]},{"@type":"WebSite","@id":"http:\/\/www.dvcbm.hr\/#website","url":"http:\/\/www.dvcbm.hr\/","name":"Dje\u010dji vrti\u0107 Cvr\u010dak","description":"Beli Manastir","publisher":{"@id":"http:\/\/www.dvcbm.hr\/#organization"},"potentialAction":[{"@type":"SearchAction","target":{"@type":"EntryPoint","urlTemplate":"http:\/\/www.dvcbm.hr\/?s={search_term_string}"},"query-input":{"@type":"PropertyValueSpecification","valueRequired":true,"valueName":"search_term_string"}}],"inLanguage":"hr"},{"@type":"Organization","@id":"http:\/\/www.dvcbm.hr\/#organization","name":"Dje\u010dji vrti\u0107 Cvr\u010dak","url":"http:\/\/www.dvcbm.hr\/","logo":{"@type":"ImageObject","inLanguage":"hr","@id":"http:\/\/www.dvcbm.hr\/#\/schema\/logo\/image\/","url":"http:\/\/www.dvcbm.hr\/wp-content\/uploads\/2023\/02\/logowww-e1677439362399.jpg","contentUrl":"http:\/\/www.dvcbm.hr\/wp-content\/uploads\/2023\/02\/logowww-e1677439362399.jpg","width":130,"height":116,"caption":"Dje\u010dji vrti\u0107 Cvr\u010dak"},"image":{"@id":"http:\/\/www.dvcbm.hr\/#\/schema\/logo\/image\/"}},{"@type":"Person","@id":"http:\/\/www.dvcbm.hr\/#\/schema\/person\/8189a9eda7ba7054a70338e1a0f83d7d","name":"admin","image":{"@type":"ImageObject","inLanguage":"hr","@id":"https:\/\/secure.gravatar.com\/avatar\/d9ff10c03b0c5f87c8058e6c4fc8ce451e5338093e19c5b1af4f59907d4e480b?s=96&d=mm&r=g","url":"https:\/\/secure.gravatar.com\/avatar\/d9ff10c03b0c5f87c8058e6c4fc8ce451e5338093e19c5b1af4f59907d4e480b?s=96&d=mm&r=g","contentUrl":"https:\/\/secure.gravatar.com\/avatar\/d9ff10c03b0c5f87c8058e6c4fc8ce451e5338093e19c5b1af4f59907d4e480b?s=96&d=mm&r=g","caption":"admin"},"sameAs":["http:\/\/www.dvcbm.hr"],"url":"http:\/\/www.dvcbm.hr\/?author=1"}]}},"_links":{"self":[{"href":"http:\/\/www.dvcbm.hr\/index.php?rest_route=\/wp\/v2\/posts\/2873","targetHints":{"allow":["GET"]}}],"collection":[{"href":"http:\/\/www.dvcbm.hr\/index.php?rest_route=\/wp\/v2\/posts"}],"about":[{"href":"http:\/\/www.dvcbm.hr\/index.php?rest_route=\/wp\/v2\/types\/post"}],"author":[{"embeddable":true,"href":"http:\/\/www.dvcbm.hr\/index.php?rest_route=\/wp\/v2\/users\/1"}],"replies":[{"embeddable":true,"href":"http:\/\/www.dvcbm.hr\/index.php?rest_route=%2Fwp%2Fv2%2Fcomments&post=2873"}],"version-history":[{"count":0,"href":"http:\/\/www.dvcbm.hr\/index.php?rest_route=\/wp\/v2\/posts\/2873\/revisions"}],"wp:attachment":[{"href":"http:\/\/www.dvcbm.hr\/index.php?rest_route=%2Fwp%2Fv2%2Fmedia&parent=2873"}],"wp:term":[{"taxonomy":"category","embeddable":true,"href":"http:\/\/www.dvcbm.hr\/index.php?rest_route=%2Fwp%2Fv2%2Fcategories&post=2873"},{"taxonomy":"post_tag","embeddable":true,"href":"http:\/\/www.dvcbm.hr\/index.php?rest_route=%2Fwp%2Fv2%2Ftags&post=2873"}],"curies":[{"name":"wp","href":"https:\/\/api.w.org\/{rel}","templated":true}]}}