{"id":2313,"date":"2024-08-29T07:33:29","date_gmt":"2024-08-29T07:33:29","guid":{"rendered":"http:\/\/www.dvcbm.hr\/?p=2313"},"modified":"2024-08-30T07:35:17","modified_gmt":"2024-08-30T07:35:17","slug":"obavijest-o-izboru-kandidata-za-radno-mjesto-pomocna-kuharica-spremacica","status":"publish","type":"post","link":"http:\/\/www.dvcbm.hr\/?p=2313","title":{"rendered":"Obavijest o izboru kandidata za radno mjesto pomo\u0107na kuharica \u2013 sprema\u010dica"},"content":{"rendered":"<p>Obavje\u0161tavamo Vas da je po natje\u010daju objavljenom 12. kolovoza 2024. godine za radno mjesto pomo\u0107na kuharica &#8211; sprema\u010dica, jedan izvr\u0161itelj na neodre\u0111eno nepuno radno vrijeme \u2013 20 sati tjedno, uz probni rad od dva mjeseca, Upravno vije\u0107e Dje\u010djeg vrti\u0107a Cvr\u010dak Beli Manastir na 61. sjednici odr\u017eanoj 27. kolovoza 2024. godine donijelo Odluku o izboru kandidata:<\/p>\n<p>&nbsp;<\/p>\n<ol>\n<li>Bernarda Novak Suba\u0161i\u0107 iz Petlovca<\/li>\n<\/ol>\n<p>&nbsp;<\/p>\n<p>Objavom ove obavijesti na mre\u017enim stranicama Dje\u010djeg vrti\u0107a Cvr\u010dak Beli Manastir smatra se da su svi kandidati obavije\u0161teni o rezultatima izbora po raspisanom natje\u010daju te im se pojedina\u010dne obavijesti ne\u0107e dostavljati.<\/p>\n<p>&nbsp;<\/p>\n<p>Preuzmi \/<a href=\"http:\/\/www.dvcbm.hr\/wp-content\/uploads\/2024\/08\/Obavijes-o-izboru-kandidata-pomocna-kuharica-spremacica-Petlovac.pdf\">pdf<\/a>\/<\/p>\n","protected":false},"excerpt":{"rendered":"<p>Obavje\u0161tavamo Vas da je po natje\u010daju objavljenom 12. kolovoza 2024. godine za radno mjesto pomo\u0107na kuharica &#8211; sprema\u010dica, jedan izvr\u0161itelj na neodre\u0111eno nepuno radno vrijeme \u2013 20 sati tjedno, uz probni rad od dva mjeseca, Upravno vije\u0107e Dje\u010djeg vrti\u0107a Cvr\u010dak Beli Manastir na 61. sjednici odr\u017eanoj 27. kolovoza 2024. godine<span class=\"more-link\"><a href=\"http:\/\/www.dvcbm.hr\/?p=2313\">Vi\u0161e<\/a><\/span><\/p>\n","protected":false},"author":1,"featured_media":0,"comment_status":"closed","ping_status":"open","sticky":false,"template":"","format":"standard","meta":{"footnotes":""},"categories":[4],"tags":[],"class_list":["entry","author-admin","post-2313","post","type-post","status-publish","format-standard","category-natjecaji"],"yoast_head":"<!-- This site is optimized with the Yoast SEO plugin v27.5 - https:\/\/yoast.com\/product\/yoast-seo-wordpress\/ -->\n<title>Obavijest o izboru kandidata za radno mjesto pomo\u0107na kuharica \u2013 sprema\u010dica - Dje\u010dji vrti\u0107 Cvr\u010dak<\/title>\n<meta name=\"robots\" content=\"index, follow, max-snippet:-1, max-image-preview:large, max-video-preview:-1\" \/>\n<link rel=\"canonical\" href=\"http:\/\/www.dvcbm.hr\/?p=2313\" \/>\n<script type=\"application\/ld+json\" class=\"yoast-schema-graph\">{\"@context\":\"https:\\\/\\\/schema.org\",\"@graph\":[{\"@type\":\"Article\",\"@id\":\"http:\\\/\\\/www.dvcbm.hr\\\/?p=2313#article\",\"isPartOf\":{\"@id\":\"http:\\\/\\\/www.dvcbm.hr\\\/?p=2313\"},\"author\":{\"name\":\"admin\",\"@id\":\"http:\\\/\\\/www.dvcbm.hr\\\/#\\\/schema\\\/person\\\/8189a9eda7ba7054a70338e1a0f83d7d\"},\"headline\":\"Obavijest o izboru kandidata za radno mjesto pomo\u0107na kuharica \u2013 sprema\u010dica\",\"datePublished\":\"2024-08-29T07:33:29+00:00\",\"dateModified\":\"2024-08-30T07:35:17+00:00\",\"mainEntityOfPage\":{\"@id\":\"http:\\\/\\\/www.dvcbm.hr\\\/?p=2313\"},\"wordCount\":121,\"publisher\":{\"@id\":\"http:\\\/\\\/www.dvcbm.hr\\\/#organization\"},\"articleSection\":[\"Natje\u010daji\"],\"inLanguage\":\"hr\"},{\"@type\":\"WebPage\",\"@id\":\"http:\\\/\\\/www.dvcbm.hr\\\/?p=2313\",\"url\":\"http:\\\/\\\/www.dvcbm.hr\\\/?p=2313\",\"name\":\"Obavijest o izboru kandidata za radno mjesto pomo\u0107na kuharica \u2013 sprema\u010dica - Dje\u010dji vrti\u0107 Cvr\u010dak\",\"isPartOf\":{\"@id\":\"http:\\\/\\\/www.dvcbm.hr\\\/#website\"},\"datePublished\":\"2024-08-29T07:33:29+00:00\",\"dateModified\":\"2024-08-30T07:35:17+00:00\",\"breadcrumb\":{\"@id\":\"http:\\\/\\\/www.dvcbm.hr\\\/?p=2313#breadcrumb\"},\"inLanguage\":\"hr\",\"potentialAction\":[{\"@type\":\"ReadAction\",\"target\":[\"http:\\\/\\\/www.dvcbm.hr\\\/?p=2313\"]}]},{\"@type\":\"BreadcrumbList\",\"@id\":\"http:\\\/\\\/www.dvcbm.hr\\\/?p=2313#breadcrumb\",\"itemListElement\":[{\"@type\":\"ListItem\",\"position\":1,\"name\":\"Po\u010detna stranica\",\"item\":\"http:\\\/\\\/www.dvcbm.hr\\\/\"},{\"@type\":\"ListItem\",\"position\":2,\"name\":\"Obavijest o izboru kandidata za radno mjesto pomo\u0107na kuharica \u2013 sprema\u010dica\"}]},{\"@type\":\"WebSite\",\"@id\":\"http:\\\/\\\/www.dvcbm.hr\\\/#website\",\"url\":\"http:\\\/\\\/www.dvcbm.hr\\\/\",\"name\":\"Dje\u010dji vrti\u0107 Cvr\u010dak\",\"description\":\"Beli Manastir\",\"publisher\":{\"@id\":\"http:\\\/\\\/www.dvcbm.hr\\\/#organization\"},\"potentialAction\":[{\"@type\":\"SearchAction\",\"target\":{\"@type\":\"EntryPoint\",\"urlTemplate\":\"http:\\\/\\\/www.dvcbm.hr\\\/?s={search_term_string}\"},\"query-input\":{\"@type\":\"PropertyValueSpecification\",\"valueRequired\":true,\"valueName\":\"search_term_string\"}}],\"inLanguage\":\"hr\"},{\"@type\":\"Organization\",\"@id\":\"http:\\\/\\\/www.dvcbm.hr\\\/#organization\",\"name\":\"Dje\u010dji vrti\u0107 Cvr\u010dak\",\"url\":\"http:\\\/\\\/www.dvcbm.hr\\\/\",\"logo\":{\"@type\":\"ImageObject\",\"inLanguage\":\"hr\",\"@id\":\"http:\\\/\\\/www.dvcbm.hr\\\/#\\\/schema\\\/logo\\\/image\\\/\",\"url\":\"http:\\\/\\\/www.dvcbm.hr\\\/wp-content\\\/uploads\\\/2023\\\/02\\\/logowww-e1677439362399.jpg\",\"contentUrl\":\"http:\\\/\\\/www.dvcbm.hr\\\/wp-content\\\/uploads\\\/2023\\\/02\\\/logowww-e1677439362399.jpg\",\"width\":130,\"height\":116,\"caption\":\"Dje\u010dji vrti\u0107 Cvr\u010dak\"},\"image\":{\"@id\":\"http:\\\/\\\/www.dvcbm.hr\\\/#\\\/schema\\\/logo\\\/image\\\/\"}},{\"@type\":\"Person\",\"@id\":\"http:\\\/\\\/www.dvcbm.hr\\\/#\\\/schema\\\/person\\\/8189a9eda7ba7054a70338e1a0f83d7d\",\"name\":\"admin\",\"image\":{\"@type\":\"ImageObject\",\"inLanguage\":\"hr\",\"@id\":\"https:\\\/\\\/secure.gravatar.com\\\/avatar\\\/d9ff10c03b0c5f87c8058e6c4fc8ce451e5338093e19c5b1af4f59907d4e480b?s=96&d=mm&r=g\",\"url\":\"https:\\\/\\\/secure.gravatar.com\\\/avatar\\\/d9ff10c03b0c5f87c8058e6c4fc8ce451e5338093e19c5b1af4f59907d4e480b?s=96&d=mm&r=g\",\"contentUrl\":\"https:\\\/\\\/secure.gravatar.com\\\/avatar\\\/d9ff10c03b0c5f87c8058e6c4fc8ce451e5338093e19c5b1af4f59907d4e480b?s=96&d=mm&r=g\",\"caption\":\"admin\"},\"sameAs\":[\"http:\\\/\\\/www.dvcbm.hr\"],\"url\":\"http:\\\/\\\/www.dvcbm.hr\\\/?author=1\"}]}<\/script>\n<!-- \/ Yoast SEO plugin. -->","yoast_head_json":{"title":"Obavijest o izboru kandidata za radno mjesto pomo\u0107na kuharica \u2013 sprema\u010dica - Dje\u010dji vrti\u0107 Cvr\u010dak","robots":{"index":"index","follow":"follow","max-snippet":"max-snippet:-1","max-image-preview":"max-image-preview:large","max-video-preview":"max-video-preview:-1"},"canonical":"http:\/\/www.dvcbm.hr\/?p=2313","schema":{"@context":"https:\/\/schema.org","@graph":[{"@type":"Article","@id":"http:\/\/www.dvcbm.hr\/?p=2313#article","isPartOf":{"@id":"http:\/\/www.dvcbm.hr\/?p=2313"},"author":{"name":"admin","@id":"http:\/\/www.dvcbm.hr\/#\/schema\/person\/8189a9eda7ba7054a70338e1a0f83d7d"},"headline":"Obavijest o izboru kandidata za radno mjesto pomo\u0107na kuharica \u2013 sprema\u010dica","datePublished":"2024-08-29T07:33:29+00:00","dateModified":"2024-08-30T07:35:17+00:00","mainEntityOfPage":{"@id":"http:\/\/www.dvcbm.hr\/?p=2313"},"wordCount":121,"publisher":{"@id":"http:\/\/www.dvcbm.hr\/#organization"},"articleSection":["Natje\u010daji"],"inLanguage":"hr"},{"@type":"WebPage","@id":"http:\/\/www.dvcbm.hr\/?p=2313","url":"http:\/\/www.dvcbm.hr\/?p=2313","name":"Obavijest o izboru kandidata za radno mjesto pomo\u0107na kuharica \u2013 sprema\u010dica - Dje\u010dji vrti\u0107 Cvr\u010dak","isPartOf":{"@id":"http:\/\/www.dvcbm.hr\/#website"},"datePublished":"2024-08-29T07:33:29+00:00","dateModified":"2024-08-30T07:35:17+00:00","breadcrumb":{"@id":"http:\/\/www.dvcbm.hr\/?p=2313#breadcrumb"},"inLanguage":"hr","potentialAction":[{"@type":"ReadAction","target":["http:\/\/www.dvcbm.hr\/?p=2313"]}]},{"@type":"BreadcrumbList","@id":"http:\/\/www.dvcbm.hr\/?p=2313#breadcrumb","itemListElement":[{"@type":"ListItem","position":1,"name":"Po\u010detna stranica","item":"http:\/\/www.dvcbm.hr\/"},{"@type":"ListItem","position":2,"name":"Obavijest o izboru kandidata za radno mjesto pomo\u0107na kuharica \u2013 sprema\u010dica"}]},{"@type":"WebSite","@id":"http:\/\/www.dvcbm.hr\/#website","url":"http:\/\/www.dvcbm.hr\/","name":"Dje\u010dji vrti\u0107 Cvr\u010dak","description":"Beli Manastir","publisher":{"@id":"http:\/\/www.dvcbm.hr\/#organization"},"potentialAction":[{"@type":"SearchAction","target":{"@type":"EntryPoint","urlTemplate":"http:\/\/www.dvcbm.hr\/?s={search_term_string}"},"query-input":{"@type":"PropertyValueSpecification","valueRequired":true,"valueName":"search_term_string"}}],"inLanguage":"hr"},{"@type":"Organization","@id":"http:\/\/www.dvcbm.hr\/#organization","name":"Dje\u010dji vrti\u0107 Cvr\u010dak","url":"http:\/\/www.dvcbm.hr\/","logo":{"@type":"ImageObject","inLanguage":"hr","@id":"http:\/\/www.dvcbm.hr\/#\/schema\/logo\/image\/","url":"http:\/\/www.dvcbm.hr\/wp-content\/uploads\/2023\/02\/logowww-e1677439362399.jpg","contentUrl":"http:\/\/www.dvcbm.hr\/wp-content\/uploads\/2023\/02\/logowww-e1677439362399.jpg","width":130,"height":116,"caption":"Dje\u010dji vrti\u0107 Cvr\u010dak"},"image":{"@id":"http:\/\/www.dvcbm.hr\/#\/schema\/logo\/image\/"}},{"@type":"Person","@id":"http:\/\/www.dvcbm.hr\/#\/schema\/person\/8189a9eda7ba7054a70338e1a0f83d7d","name":"admin","image":{"@type":"ImageObject","inLanguage":"hr","@id":"https:\/\/secure.gravatar.com\/avatar\/d9ff10c03b0c5f87c8058e6c4fc8ce451e5338093e19c5b1af4f59907d4e480b?s=96&d=mm&r=g","url":"https:\/\/secure.gravatar.com\/avatar\/d9ff10c03b0c5f87c8058e6c4fc8ce451e5338093e19c5b1af4f59907d4e480b?s=96&d=mm&r=g","contentUrl":"https:\/\/secure.gravatar.com\/avatar\/d9ff10c03b0c5f87c8058e6c4fc8ce451e5338093e19c5b1af4f59907d4e480b?s=96&d=mm&r=g","caption":"admin"},"sameAs":["http:\/\/www.dvcbm.hr"],"url":"http:\/\/www.dvcbm.hr\/?author=1"}]}},"_links":{"self":[{"href":"http:\/\/www.dvcbm.hr\/index.php?rest_route=\/wp\/v2\/posts\/2313","targetHints":{"allow":["GET"]}}],"collection":[{"href":"http:\/\/www.dvcbm.hr\/index.php?rest_route=\/wp\/v2\/posts"}],"about":[{"href":"http:\/\/www.dvcbm.hr\/index.php?rest_route=\/wp\/v2\/types\/post"}],"author":[{"embeddable":true,"href":"http:\/\/www.dvcbm.hr\/index.php?rest_route=\/wp\/v2\/users\/1"}],"replies":[{"embeddable":true,"href":"http:\/\/www.dvcbm.hr\/index.php?rest_route=%2Fwp%2Fv2%2Fcomments&post=2313"}],"version-history":[{"count":0,"href":"http:\/\/www.dvcbm.hr\/index.php?rest_route=\/wp\/v2\/posts\/2313\/revisions"}],"wp:attachment":[{"href":"http:\/\/www.dvcbm.hr\/index.php?rest_route=%2Fwp%2Fv2%2Fmedia&parent=2313"}],"wp:term":[{"taxonomy":"category","embeddable":true,"href":"http:\/\/www.dvcbm.hr\/index.php?rest_route=%2Fwp%2Fv2%2Fcategories&post=2313"},{"taxonomy":"post_tag","embeddable":true,"href":"http:\/\/www.dvcbm.hr\/index.php?rest_route=%2Fwp%2Fv2%2Ftags&post=2313"}],"curies":[{"name":"wp","href":"https:\/\/api.w.org\/{rel}","templated":true}]}}