{"id":1720,"date":"2024-01-15T14:34:18","date_gmt":"2024-01-15T14:34:18","guid":{"rendered":"https:\/\/www.dvcbm.hr\/?p=1720"},"modified":"2024-01-15T14:35:28","modified_gmt":"2024-01-15T14:35:28","slug":"javni-poziv-za-upis-u-program-predskole-2023-24","status":"publish","type":"post","link":"http:\/\/www.dvcbm.hr\/?p=1720","title":{"rendered":"Javni poziv za upis u program pred\u0161kole 2023\/24"},"content":{"rendered":"<p>Na temelju \u010dlanka 23.a Zakona o pred\u0161kolskom odgoju i obrazovanju\u00a0 (NN 10\/97, 107\/07, 94\/13, 98\/19, 57\/22), \u010dlanka 16. Dr\u017eavnog pedago\u0161kog standarda pred\u0161kolskog odgoja i obrazovanja (NN 63\/08, 90\/10) te Pravilnika o sadr\u017eaju i trajanju programa pred\u0161kole (NN 107\/14) Dje\u010dji vrti\u0107 Cvr\u010dak Beli Manastir objavljuje<\/p>\n<p>&nbsp;<\/p>\n<p style=\"text-align: center;\"><strong>JAVNI POZIV ZA UPIS U PROGRAM PRED\u0160KOLE U PEDAGO\u0160KOJ GODINI 2023.\/2024.<\/strong><\/p>\n<p>&nbsp;<\/p>\n<p>Pozivaju se roditelji djece s prebivali\u0161tem na podru\u010dju Grada Belog Manastira na upis u Program pred\u0161kole koji \u0107e se odr\u017eavati od 4. o\u017eujka do 14. lipnja 2024. godine od 14:30 do 17:30 sati. Upisati se mogu djeca ro\u0111ena od 1. travnja 2017. do 31. o\u017eujka 2018. godine koja nisu uklju\u010dena u redoviti vrti\u0107ki program.<\/p>\n<p>Upisi se vr\u0161e u zgradi Dje\u010djeg vrti\u0107a Cvr\u010dak Beli Manastir , Vladimira Nazora 34a, Beli Manastir, svakim radnim danom od 17. sije\u010dnja do 29. velja\u010de 2024. godine od 9:00 do 14:00 sati. Zahtjev za upis se mo\u017ee preuzeti i na mre\u017enim stranicama Dje\u010djeg vrti\u0107a Cvr\u010dak Beli Manastir i predati ga u zgradi vrti\u0107a, Vladimira Nazora 34a, Beli Manastir.<\/p>\n<p>Uz zahtjev za upis roditelji su du\u017eni prilo\u017eiti:<\/p>\n<ul>\n<li>Presliku izvoda iz mati\u010dne knjige ro\u0111enih ili Rodni list djeteta (bez obzira na datum izdavanja isprave)<\/li>\n<li>Presliku osobnih iskaznica roditelja<\/li>\n<li>Presliku iskaznice imunizacije djeteta (podaci o procijepljenosti)<\/li>\n<\/ul>\n<p>Roditelji su du\u017eni prvi dan dolaska djeteta u vrti\u0107 prilo\u017eiti potvrdu nadle\u017enog lije\u010dnika o obavljenom sistematskom pregledu i kalendar cijepljenja.<\/p>\n<p>Djeca pripadnici romske nacionalne manjine mogu se uklju\u010diti u program pred\u0161kole i dvije godine prije polaska u osnovnu \u0161kolu.<\/p>\n<p>Program je za sve roditelje <em>besplatan<\/em><\/p>\n<p>Za dodatne informacije mo\u017eete se javiti na telefon: 031\/701-318 ili poslati e-mail na adresu: <a href=\"mailto:pedagoginja@dvcbm.hr\">pedagoginja@dvcbm.hr<\/a><\/p>\n<p>&nbsp;<\/p>\n<p>Za roditelje upisane djece biti \u0107e odr\u017ean roditeljski sastanak o kojemu \u0107e naknadno biti obavje\u0161teni.<\/p>\n<p>&nbsp;<\/p>\n<p>Preuzimanja:<\/p>\n<p>Javni poziv za upis u program pred\u0161kole u pedago\u0161koj godini 2023\/2024. \/<a href=\"http:\/\/www.dvcbm.hr\/wp-content\/uploads\/2024\/01\/javni-poziv-za-upis-u-program-predskole.pdf\">pdf<\/a>\/<\/p>\n<p>Zahtjev za upis djeteta u program pred\u0161kole u pedago\u0161koj godini 2023\/2024. \/<a href=\"http:\/\/www.dvcbm.hr\/wp-content\/uploads\/2024\/01\/Program-predskole-upisnica.doc.pdf\">pdf<\/a>\/<\/p>\n","protected":false},"excerpt":{"rendered":"<p>Na temelju \u010dlanka 23.a Zakona o pred\u0161kolskom odgoju i obrazovanju\u00a0 (NN 10\/97, 107\/07, 94\/13, 98\/19, 57\/22), \u010dlanka 16. Dr\u017eavnog pedago\u0161kog standarda pred\u0161kolskog odgoja i obrazovanja (NN 63\/08, 90\/10) te Pravilnika o sadr\u017eaju i trajanju programa pred\u0161kole (NN 107\/14) Dje\u010dji vrti\u0107 Cvr\u010dak Beli Manastir objavljuje &nbsp; JAVNI POZIV ZA UPIS U<span class=\"more-link\"><a href=\"http:\/\/www.dvcbm.hr\/?p=1720\">Vi\u0161e<\/a><\/span><\/p>\n","protected":false},"author":1,"featured_media":868,"comment_status":"closed","ping_status":"open","sticky":false,"template":"","format":"standard","meta":{"footnotes":""},"categories":[5],"tags":[],"class_list":["entry","author-admin","post-1720","post","type-post","status-publish","format-standard","has-post-thumbnail","category-obavijesti"],"yoast_head":"<!-- This site is optimized with the Yoast SEO plugin v27.5 - https:\/\/yoast.com\/product\/yoast-seo-wordpress\/ -->\n<title>Javni poziv za upis u program pred\u0161kole 2023\/24 - Dje\u010dji vrti\u0107 Cvr\u010dak<\/title>\n<meta name=\"robots\" content=\"index, follow, max-snippet:-1, max-image-preview:large, max-video-preview:-1\" \/>\n<link rel=\"canonical\" href=\"http:\/\/www.dvcbm.hr\/?p=1720\" \/>\n<script type=\"application\/ld+json\" class=\"yoast-schema-graph\">{\"@context\":\"https:\\\/\\\/schema.org\",\"@graph\":[{\"@type\":\"Article\",\"@id\":\"http:\\\/\\\/www.dvcbm.hr\\\/?p=1720#article\",\"isPartOf\":{\"@id\":\"http:\\\/\\\/www.dvcbm.hr\\\/?p=1720\"},\"author\":{\"name\":\"admin\",\"@id\":\"http:\\\/\\\/www.dvcbm.hr\\\/#\\\/schema\\\/person\\\/8189a9eda7ba7054a70338e1a0f83d7d\"},\"headline\":\"Javni poziv za upis u program pred\u0161kole 2023\\\/24\",\"datePublished\":\"2024-01-15T14:34:18+00:00\",\"dateModified\":\"2024-01-15T14:35:28+00:00\",\"mainEntityOfPage\":{\"@id\":\"http:\\\/\\\/www.dvcbm.hr\\\/?p=1720\"},\"wordCount\":337,\"publisher\":{\"@id\":\"http:\\\/\\\/www.dvcbm.hr\\\/#organization\"},\"image\":{\"@id\":\"http:\\\/\\\/www.dvcbm.hr\\\/?p=1720#primaryimage\"},\"thumbnailUrl\":\"http:\\\/\\\/www.dvcbm.hr\\\/wp-content\\\/uploads\\\/2023\\\/04\\\/e-upisi-1.png\",\"articleSection\":[\"Obavijesti\"],\"inLanguage\":\"hr\"},{\"@type\":\"WebPage\",\"@id\":\"http:\\\/\\\/www.dvcbm.hr\\\/?p=1720\",\"url\":\"http:\\\/\\\/www.dvcbm.hr\\\/?p=1720\",\"name\":\"Javni poziv za upis u program pred\u0161kole 2023\\\/24 - Dje\u010dji vrti\u0107 Cvr\u010dak\",\"isPartOf\":{\"@id\":\"http:\\\/\\\/www.dvcbm.hr\\\/#website\"},\"primaryImageOfPage\":{\"@id\":\"http:\\\/\\\/www.dvcbm.hr\\\/?p=1720#primaryimage\"},\"image\":{\"@id\":\"http:\\\/\\\/www.dvcbm.hr\\\/?p=1720#primaryimage\"},\"thumbnailUrl\":\"http:\\\/\\\/www.dvcbm.hr\\\/wp-content\\\/uploads\\\/2023\\\/04\\\/e-upisi-1.png\",\"datePublished\":\"2024-01-15T14:34:18+00:00\",\"dateModified\":\"2024-01-15T14:35:28+00:00\",\"breadcrumb\":{\"@id\":\"http:\\\/\\\/www.dvcbm.hr\\\/?p=1720#breadcrumb\"},\"inLanguage\":\"hr\",\"potentialAction\":[{\"@type\":\"ReadAction\",\"target\":[\"http:\\\/\\\/www.dvcbm.hr\\\/?p=1720\"]}]},{\"@type\":\"ImageObject\",\"inLanguage\":\"hr\",\"@id\":\"http:\\\/\\\/www.dvcbm.hr\\\/?p=1720#primaryimage\",\"url\":\"http:\\\/\\\/www.dvcbm.hr\\\/wp-content\\\/uploads\\\/2023\\\/04\\\/e-upisi-1.png\",\"contentUrl\":\"http:\\\/\\\/www.dvcbm.hr\\\/wp-content\\\/uploads\\\/2023\\\/04\\\/e-upisi-1.png\",\"width\":547,\"height\":366},{\"@type\":\"BreadcrumbList\",\"@id\":\"http:\\\/\\\/www.dvcbm.hr\\\/?p=1720#breadcrumb\",\"itemListElement\":[{\"@type\":\"ListItem\",\"position\":1,\"name\":\"Po\u010detna stranica\",\"item\":\"http:\\\/\\\/www.dvcbm.hr\\\/\"},{\"@type\":\"ListItem\",\"position\":2,\"name\":\"Javni poziv za upis u program pred\u0161kole 2023\\\/24\"}]},{\"@type\":\"WebSite\",\"@id\":\"http:\\\/\\\/www.dvcbm.hr\\\/#website\",\"url\":\"http:\\\/\\\/www.dvcbm.hr\\\/\",\"name\":\"Dje\u010dji vrti\u0107 Cvr\u010dak\",\"description\":\"Beli Manastir\",\"publisher\":{\"@id\":\"http:\\\/\\\/www.dvcbm.hr\\\/#organization\"},\"potentialAction\":[{\"@type\":\"SearchAction\",\"target\":{\"@type\":\"EntryPoint\",\"urlTemplate\":\"http:\\\/\\\/www.dvcbm.hr\\\/?s={search_term_string}\"},\"query-input\":{\"@type\":\"PropertyValueSpecification\",\"valueRequired\":true,\"valueName\":\"search_term_string\"}}],\"inLanguage\":\"hr\"},{\"@type\":\"Organization\",\"@id\":\"http:\\\/\\\/www.dvcbm.hr\\\/#organization\",\"name\":\"Dje\u010dji vrti\u0107 Cvr\u010dak\",\"url\":\"http:\\\/\\\/www.dvcbm.hr\\\/\",\"logo\":{\"@type\":\"ImageObject\",\"inLanguage\":\"hr\",\"@id\":\"http:\\\/\\\/www.dvcbm.hr\\\/#\\\/schema\\\/logo\\\/image\\\/\",\"url\":\"http:\\\/\\\/www.dvcbm.hr\\\/wp-content\\\/uploads\\\/2023\\\/02\\\/logowww-e1677439362399.jpg\",\"contentUrl\":\"http:\\\/\\\/www.dvcbm.hr\\\/wp-content\\\/uploads\\\/2023\\\/02\\\/logowww-e1677439362399.jpg\",\"width\":130,\"height\":116,\"caption\":\"Dje\u010dji vrti\u0107 Cvr\u010dak\"},\"image\":{\"@id\":\"http:\\\/\\\/www.dvcbm.hr\\\/#\\\/schema\\\/logo\\\/image\\\/\"}},{\"@type\":\"Person\",\"@id\":\"http:\\\/\\\/www.dvcbm.hr\\\/#\\\/schema\\\/person\\\/8189a9eda7ba7054a70338e1a0f83d7d\",\"name\":\"admin\",\"image\":{\"@type\":\"ImageObject\",\"inLanguage\":\"hr\",\"@id\":\"https:\\\/\\\/secure.gravatar.com\\\/avatar\\\/d9ff10c03b0c5f87c8058e6c4fc8ce451e5338093e19c5b1af4f59907d4e480b?s=96&d=mm&r=g\",\"url\":\"https:\\\/\\\/secure.gravatar.com\\\/avatar\\\/d9ff10c03b0c5f87c8058e6c4fc8ce451e5338093e19c5b1af4f59907d4e480b?s=96&d=mm&r=g\",\"contentUrl\":\"https:\\\/\\\/secure.gravatar.com\\\/avatar\\\/d9ff10c03b0c5f87c8058e6c4fc8ce451e5338093e19c5b1af4f59907d4e480b?s=96&d=mm&r=g\",\"caption\":\"admin\"},\"sameAs\":[\"http:\\\/\\\/www.dvcbm.hr\"],\"url\":\"http:\\\/\\\/www.dvcbm.hr\\\/?author=1\"}]}<\/script>\n<!-- \/ Yoast SEO plugin. -->","yoast_head_json":{"title":"Javni poziv za upis u program pred\u0161kole 2023\/24 - Dje\u010dji vrti\u0107 Cvr\u010dak","robots":{"index":"index","follow":"follow","max-snippet":"max-snippet:-1","max-image-preview":"max-image-preview:large","max-video-preview":"max-video-preview:-1"},"canonical":"http:\/\/www.dvcbm.hr\/?p=1720","schema":{"@context":"https:\/\/schema.org","@graph":[{"@type":"Article","@id":"http:\/\/www.dvcbm.hr\/?p=1720#article","isPartOf":{"@id":"http:\/\/www.dvcbm.hr\/?p=1720"},"author":{"name":"admin","@id":"http:\/\/www.dvcbm.hr\/#\/schema\/person\/8189a9eda7ba7054a70338e1a0f83d7d"},"headline":"Javni poziv za upis u program pred\u0161kole 2023\/24","datePublished":"2024-01-15T14:34:18+00:00","dateModified":"2024-01-15T14:35:28+00:00","mainEntityOfPage":{"@id":"http:\/\/www.dvcbm.hr\/?p=1720"},"wordCount":337,"publisher":{"@id":"http:\/\/www.dvcbm.hr\/#organization"},"image":{"@id":"http:\/\/www.dvcbm.hr\/?p=1720#primaryimage"},"thumbnailUrl":"http:\/\/www.dvcbm.hr\/wp-content\/uploads\/2023\/04\/e-upisi-1.png","articleSection":["Obavijesti"],"inLanguage":"hr"},{"@type":"WebPage","@id":"http:\/\/www.dvcbm.hr\/?p=1720","url":"http:\/\/www.dvcbm.hr\/?p=1720","name":"Javni poziv za upis u program pred\u0161kole 2023\/24 - Dje\u010dji vrti\u0107 Cvr\u010dak","isPartOf":{"@id":"http:\/\/www.dvcbm.hr\/#website"},"primaryImageOfPage":{"@id":"http:\/\/www.dvcbm.hr\/?p=1720#primaryimage"},"image":{"@id":"http:\/\/www.dvcbm.hr\/?p=1720#primaryimage"},"thumbnailUrl":"http:\/\/www.dvcbm.hr\/wp-content\/uploads\/2023\/04\/e-upisi-1.png","datePublished":"2024-01-15T14:34:18+00:00","dateModified":"2024-01-15T14:35:28+00:00","breadcrumb":{"@id":"http:\/\/www.dvcbm.hr\/?p=1720#breadcrumb"},"inLanguage":"hr","potentialAction":[{"@type":"ReadAction","target":["http:\/\/www.dvcbm.hr\/?p=1720"]}]},{"@type":"ImageObject","inLanguage":"hr","@id":"http:\/\/www.dvcbm.hr\/?p=1720#primaryimage","url":"http:\/\/www.dvcbm.hr\/wp-content\/uploads\/2023\/04\/e-upisi-1.png","contentUrl":"http:\/\/www.dvcbm.hr\/wp-content\/uploads\/2023\/04\/e-upisi-1.png","width":547,"height":366},{"@type":"BreadcrumbList","@id":"http:\/\/www.dvcbm.hr\/?p=1720#breadcrumb","itemListElement":[{"@type":"ListItem","position":1,"name":"Po\u010detna stranica","item":"http:\/\/www.dvcbm.hr\/"},{"@type":"ListItem","position":2,"name":"Javni poziv za upis u program pred\u0161kole 2023\/24"}]},{"@type":"WebSite","@id":"http:\/\/www.dvcbm.hr\/#website","url":"http:\/\/www.dvcbm.hr\/","name":"Dje\u010dji vrti\u0107 Cvr\u010dak","description":"Beli Manastir","publisher":{"@id":"http:\/\/www.dvcbm.hr\/#organization"},"potentialAction":[{"@type":"SearchAction","target":{"@type":"EntryPoint","urlTemplate":"http:\/\/www.dvcbm.hr\/?s={search_term_string}"},"query-input":{"@type":"PropertyValueSpecification","valueRequired":true,"valueName":"search_term_string"}}],"inLanguage":"hr"},{"@type":"Organization","@id":"http:\/\/www.dvcbm.hr\/#organization","name":"Dje\u010dji vrti\u0107 Cvr\u010dak","url":"http:\/\/www.dvcbm.hr\/","logo":{"@type":"ImageObject","inLanguage":"hr","@id":"http:\/\/www.dvcbm.hr\/#\/schema\/logo\/image\/","url":"http:\/\/www.dvcbm.hr\/wp-content\/uploads\/2023\/02\/logowww-e1677439362399.jpg","contentUrl":"http:\/\/www.dvcbm.hr\/wp-content\/uploads\/2023\/02\/logowww-e1677439362399.jpg","width":130,"height":116,"caption":"Dje\u010dji vrti\u0107 Cvr\u010dak"},"image":{"@id":"http:\/\/www.dvcbm.hr\/#\/schema\/logo\/image\/"}},{"@type":"Person","@id":"http:\/\/www.dvcbm.hr\/#\/schema\/person\/8189a9eda7ba7054a70338e1a0f83d7d","name":"admin","image":{"@type":"ImageObject","inLanguage":"hr","@id":"https:\/\/secure.gravatar.com\/avatar\/d9ff10c03b0c5f87c8058e6c4fc8ce451e5338093e19c5b1af4f59907d4e480b?s=96&d=mm&r=g","url":"https:\/\/secure.gravatar.com\/avatar\/d9ff10c03b0c5f87c8058e6c4fc8ce451e5338093e19c5b1af4f59907d4e480b?s=96&d=mm&r=g","contentUrl":"https:\/\/secure.gravatar.com\/avatar\/d9ff10c03b0c5f87c8058e6c4fc8ce451e5338093e19c5b1af4f59907d4e480b?s=96&d=mm&r=g","caption":"admin"},"sameAs":["http:\/\/www.dvcbm.hr"],"url":"http:\/\/www.dvcbm.hr\/?author=1"}]}},"_links":{"self":[{"href":"http:\/\/www.dvcbm.hr\/index.php?rest_route=\/wp\/v2\/posts\/1720","targetHints":{"allow":["GET"]}}],"collection":[{"href":"http:\/\/www.dvcbm.hr\/index.php?rest_route=\/wp\/v2\/posts"}],"about":[{"href":"http:\/\/www.dvcbm.hr\/index.php?rest_route=\/wp\/v2\/types\/post"}],"author":[{"embeddable":true,"href":"http:\/\/www.dvcbm.hr\/index.php?rest_route=\/wp\/v2\/users\/1"}],"replies":[{"embeddable":true,"href":"http:\/\/www.dvcbm.hr\/index.php?rest_route=%2Fwp%2Fv2%2Fcomments&post=1720"}],"version-history":[{"count":0,"href":"http:\/\/www.dvcbm.hr\/index.php?rest_route=\/wp\/v2\/posts\/1720\/revisions"}],"wp:featuredmedia":[{"embeddable":true,"href":"http:\/\/www.dvcbm.hr\/index.php?rest_route=\/wp\/v2\/media\/868"}],"wp:attachment":[{"href":"http:\/\/www.dvcbm.hr\/index.php?rest_route=%2Fwp%2Fv2%2Fmedia&parent=1720"}],"wp:term":[{"taxonomy":"category","embeddable":true,"href":"http:\/\/www.dvcbm.hr\/index.php?rest_route=%2Fwp%2Fv2%2Fcategories&post=1720"},{"taxonomy":"post_tag","embeddable":true,"href":"http:\/\/www.dvcbm.hr\/index.php?rest_route=%2Fwp%2Fv2%2Ftags&post=1720"}],"curies":[{"name":"wp","href":"https:\/\/api.w.org\/{rel}","templated":true}]}}